{"id":2715,"date":"2025-08-20T05:58:56","date_gmt":"2025-08-20T03:58:56","guid":{"rendered":"https:\/\/ciho.es\/?p=2715"},"modified":"2025-08-19T06:11:28","modified_gmt":"2025-08-19T04:11:28","slug":"hotel-la-sagrera","status":"publish","type":"post","link":"https:\/\/ciho.es\/ca\/projectes\/hotel-la-sagrera\/","title":{"rendered":"Hotel La Sagrera"},"content":{"rendered":"<p><div class=\"fusion-fullwidth fullwidth-box fusion-builder-row-1 fusion-flex-container has-pattern-background has-mask-background nonhundred-percent-fullwidth non-hundred-percent-height-scrolling\" style=\"--awb-border-radius-top-left:0px;--awb-border-radius-top-right:0px;--awb-border-radius-bottom-right:0px;--awb-border-radius-bottom-left:0px;--awb-padding-top:2%;--awb-padding-bottom:2%;--awb-flex-wrap:wrap;\" ><div class=\"fusion-builder-row fusion-row fusion-flex-align-items-flex-start fusion-flex-content-wrap\" style=\"max-width:1248px;margin-left: calc(-4% \/ 2 );margin-right: calc(-4% \/ 2 );\"><div class=\"fusion-layout-column fusion_builder_column fusion-builder-column-0 fusion_builder_column_1_1 1_1 fusion-flex-column\" style=\"--awb-bg-size:cover;--awb-width-large:100%;--awb-margin-top-large:0px;--awb-spacing-right-large:1.92%;--awb-margin-bottom-large:20px;--awb-spacing-left-large:1.92%;--awb-width-medium:100%;--awb-order-medium:0;--awb-spacing-right-medium:1.92%;--awb-spacing-left-medium:1.92%;--awb-width-small:100%;--awb-order-small:0;--awb-spacing-right-small:1.92%;--awb-spacing-left-small:1.92%;\"><div class=\"fusion-column-wrapper fusion-column-has-shadow fusion-flex-justify-content-flex-start fusion-content-layout-column\"><div class=\"fusion-title title fusion-title-1 fusion-sep-none fusion-title-text fusion-title-size-two\" style=\"--awb-margin-top-small:10px;--awb-margin-right-small:0px;--awb-margin-bottom-small:10px;--awb-margin-left-small:0px;\"><h2 class=\"fusion-title-heading title-heading-left\" style=\"margin:0;\">Un hotel en un preci\u00f3s edifici hist\u00f2ric al cor de Sant Fruit\u00f3s de Bages<\/h2><\/div><div class=\"fusion-text fusion-text-1\"><p>L\u2019Hotel La Sagrera situat al cor de Sant Fruit\u00f3s de Bages ha obert de nou les seves portes aquest juliol de 2025 despr\u00e9s de sotmetre\u2019s a un canvi profund a m\u00faltiples nivells. Quan un hotel canvia de propietaris sempre \u00e9s un gran canvi, per\u00f2 si a aix\u00f2 se li afegeix una reforma, el canvi ja \u00e9s total.<\/p>\n<p>Aquest hotel est\u00e0 situat en ple nucli urb\u00e0 en un edifici que est\u00e0 catalogat com a patrimoni cultural. L\u2019origen de l\u2019edifici data del segle XVII i, per tant, \u00e9s d\u2019estil modern barroc contemporari. Aquest edifici va ser sotm\u00e8s a una primera reforma l\u2019any 1998 per convertir-lo en hotel, amb la qual cosa l\u2019Hotel La Sagrera \u00e9s molt especial precisament per la seva ubicaci\u00f3 i l\u2019origen de l\u2019edifici.<\/p>\n<p>Equipar i subministrar un espai que compta amb parets de pedra, sales amb arcs amb la t\u00edpica \u201cvolta catalana\u201d i racons amb segles d\u2019hist\u00f2ria, no \u00e9s gens f\u00e0cil. No obstant aix\u00f2, des de CIHO ho vam entomar com un repte i ha estat un plaer i un aprenentatge poder aportar el nostre granet de sorra a la reforma de l\u2019hotel La Sagrera de Sant Fruit\u00f3s de Bages. La seva ubicaci\u00f3 \u00e9s perfecta per descobrir les comarques de la zona central de Catalunya i tamb\u00e9 els cellers que formen la DO Pla de Bages.<\/p>\n<\/div><\/div><\/div><\/div><\/div><div class=\"fusion-fullwidth fullwidth-box fusion-builder-row-2 fusion-flex-container has-pattern-background has-mask-background hundred-percent-fullwidth non-hundred-percent-height-scrolling\" style=\"--awb-border-radius-top-left:0px;--awb-border-radius-top-right:0px;--awb-border-radius-bottom-right:0px;--awb-border-radius-bottom-left:0px;--awb-padding-top:2%;--awb-padding-right:10%;--awb-padding-bottom:2%;--awb-padding-left:10%;--awb-flex-wrap:wrap;\" ><div class=\"fusion-builder-row fusion-row fusion-flex-align-items-center fusion-flex-content-wrap\" style=\"width:104% !important;max-width:104% !important;margin-left: calc(-4% \/ 2 );margin-right: calc(-4% \/ 2 );\"><div class=\"fusion-layout-column fusion_builder_column fusion-builder-column-1 fusion_builder_column_1_2 1_2 fusion-flex-column\" style=\"--awb-bg-size:cover;--awb-width-large:50%;--awb-margin-top-large:0px;--awb-spacing-right-large:3.84%;--awb-margin-bottom-large:20px;--awb-spacing-left-large:3.84%;--awb-width-medium:50%;--awb-order-medium:0;--awb-spacing-right-medium:3.84%;--awb-spacing-left-medium:3.84%;--awb-width-small:100%;--awb-order-small:0;--awb-spacing-right-small:1.92%;--awb-spacing-left-small:1.92%;\"><div class=\"fusion-column-wrapper fusion-column-has-shadow fusion-flex-justify-content-flex-start fusion-content-layout-column\"><div class=\"fusion-title title fusion-title-2 fusion-sep-none fusion-title-text fusion-title-size-three\" style=\"--awb-margin-top-small:10px;--awb-margin-right-small:0px;--awb-margin-bottom-small:10px;--awb-margin-left-small:0px;\"><h3 class=\"fusion-title-heading title-heading-left\" style=\"margin:0;\">Aquesta \u00e9s la f\u00f3rmula del projecte: autenticitat + estil r\u00fastic + confortable + familiar<\/h3><\/div><div class=\"accordian fusion-accordian\" style=\"--awb-border-size:1px;--awb-icon-size:16px;--awb-icon-alignment:left;--awb-hover-color:var(--awb-color2);--awb-border-color:var(--awb-color3);--awb-background-color:var(--awb-color1);--awb-divider-color:var(--awb-color3);--awb-divider-hover-color:var(--awb-color3);--awb-icon-color:var(--awb-color1);--awb-title-color:var(--awb-color8);--awb-content-color:var(--awb-color8);--awb-icon-box-color:var(--awb-color8);--awb-toggle-hover-accent-color:var(--awb-color5);--awb-title-font-family:var(--awb-typography1-font-family);--awb-title-font-weight:var(--awb-typography1-font-weight);--awb-title-font-style:var(--awb-typography1-font-style);--awb-title-font-size:16px;--awb-title-line-height:1;\"><div class=\"panel-group fusion-toggle-icon-boxed\" id=\"accordion-2715-1\"><div class=\"fusion-panel panel-default panel-2ebb54d11677307cd fusion-toggle-has-divider\" style=\"--awb-title-color:var(--awb-color8);--awb-content-color:var(--awb-color8);\"><div class=\"panel-heading\"><h4 class=\"panel-title toggle\" id=\"toggle_2ebb54d11677307cd\"><a class=\"active\" aria-expanded=\"true\" aria-controls=\"2ebb54d11677307cd\" role=\"button\" data-toggle=\"collapse\" data-parent=\"#accordion-2715-1\" data-target=\"#2ebb54d11677307cd\" href=\"#2ebb54d11677307cd\"><span class=\"fusion-toggle-icon-wrapper\" aria-hidden=\"true\"><i class=\"fa-fusion-box active-icon awb-icon-minus\" aria-hidden=\"true\"><\/i><i class=\"fa-fusion-box inactive-icon awb-icon-plus\" aria-hidden=\"true\"><\/i><\/span><span class=\"fusion-toggle-heading\">Autenticitat<\/span><\/a><\/h4><\/div><div id=\"2ebb54d11677307cd\" class=\"panel-collapse collapse in\" aria-labelledby=\"toggle_2ebb54d11677307cd\"><div class=\"panel-body toggle-content fusion-clearfix\">Aquest hotel est\u00e0 ubicat en un edifici hist\u00f2ric catalogat com a exemplar de l\u2019estil modern barros contemporani del segle XVII. Per aquest motiu, qualsevol canvi que es fes a l\u2019interior o qualsevol productes que es propos\u00e9s per equipar-lo havia d\u2019estar en sintonia amb aquest edifici tan aut\u00e8ntic i, al mateix temps, \u00fanic. La Sagrera no \u00e9s un hotel qualsevol que es pugui trobar en moltes altres ciutats i all\u00f2 que vesteix les seves parets i estances havia de ser igual d\u2019especial.<\/div><\/div><\/div><div class=\"fusion-panel panel-default panel-5ceab04c65a401b17 fusion-toggle-has-divider\" style=\"--awb-title-color:var(--awb-color8);--awb-content-color:var(--awb-color8);\"><div class=\"panel-heading\"><h4 class=\"panel-title toggle\" id=\"toggle_5ceab04c65a401b17\"><a aria-expanded=\"false\" aria-controls=\"5ceab04c65a401b17\" role=\"button\" data-toggle=\"collapse\" data-parent=\"#accordion-2715-1\" data-target=\"#5ceab04c65a401b17\" href=\"#5ceab04c65a401b17\"><span class=\"fusion-toggle-icon-wrapper\" aria-hidden=\"true\"><i class=\"fa-fusion-box active-icon awb-icon-minus\" aria-hidden=\"true\"><\/i><i class=\"fa-fusion-box inactive-icon awb-icon-plus\" aria-hidden=\"true\"><\/i><\/span><span class=\"fusion-toggle-heading\">Estil r\u00fastic<\/span><\/a><\/h4><\/div><div id=\"5ceab04c65a401b17\" class=\"panel-collapse collapse \" aria-labelledby=\"toggle_5ceab04c65a401b17\"><div class=\"panel-body toggle-content fusion-clearfix\">Moltes estances interiors de l\u2019hotel La Sagrera tenen parets de pedra, cosa que aporta un toc r\u00fastic. Per tant, calia mantenir aquesta ess\u00e8ncia de calidesa, de llar que aporta la pedra a les habitacions. Sumant un estil r\u00fastic amb tons color terra, madera i ocres, vam aconseguir estendre aquest estil als diferents racons de l\u2019hotel.<\/div><\/div><\/div><div class=\"fusion-panel panel-default panel-4bdb1b1126df47371 fusion-toggle-has-divider\" style=\"--awb-title-color:var(--awb-color8);--awb-content-color:var(--awb-color8);\"><div class=\"panel-heading\"><h4 class=\"panel-title toggle\" id=\"toggle_4bdb1b1126df47371\"><a aria-expanded=\"false\" aria-controls=\"4bdb1b1126df47371\" role=\"button\" data-toggle=\"collapse\" data-parent=\"#accordion-2715-1\" data-target=\"#4bdb1b1126df47371\" href=\"#4bdb1b1126df47371\"><span class=\"fusion-toggle-icon-wrapper\" aria-hidden=\"true\"><i class=\"fa-fusion-box active-icon awb-icon-minus\" aria-hidden=\"true\"><\/i><i class=\"fa-fusion-box inactive-icon awb-icon-plus\" aria-hidden=\"true\"><\/i><\/span><span class=\"fusion-toggle-heading\">Confortable<\/span><\/a><\/h4><\/div><div id=\"4bdb1b1126df47371\" class=\"panel-collapse collapse \" aria-labelledby=\"toggle_4bdb1b1126df47371\"><div class=\"panel-body toggle-content fusion-clearfix\">\n<p>Qualsevol hotel t\u00e9 com a un dels seus objectius garantir un descans \u00f2ptim i de qualitat als seus hostes i aix\u00f2 nom\u00e9s \u00e9s possible si les seves estances s\u00f3n confortables. S\u2019ent\u00e9n per confortable aquell hotel que posa a disposici\u00f3 dels seus hostes tot el necessari perqu\u00e8 gaudeixin d\u2019una estada agradable, que faci que se sentin com a casa.<\/p>\n<\/div><\/div><\/div><div class=\"fusion-panel panel-default panel-b68287ce6f3737d8a fusion-toggle-has-divider\" style=\"--awb-title-color:var(--awb-color8);--awb-content-color:var(--awb-color8);\"><div class=\"panel-heading\"><h4 class=\"panel-title toggle\" id=\"toggle_b68287ce6f3737d8a\"><a aria-expanded=\"false\" aria-controls=\"b68287ce6f3737d8a\" role=\"button\" data-toggle=\"collapse\" data-parent=\"#accordion-2715-1\" data-target=\"#b68287ce6f3737d8a\" href=\"#b68287ce6f3737d8a\"><span class=\"fusion-toggle-icon-wrapper\" aria-hidden=\"true\"><i class=\"fa-fusion-box active-icon awb-icon-minus\" aria-hidden=\"true\"><\/i><i class=\"fa-fusion-box inactive-icon awb-icon-plus\" aria-hidden=\"true\"><\/i><\/span><span class=\"fusion-toggle-heading\">Familiar<\/span><\/a><\/h4><\/div><div id=\"b68287ce6f3737d8a\" class=\"panel-collapse collapse \" aria-labelledby=\"toggle_b68287ce6f3737d8a\"><div class=\"panel-body toggle-content fusion-clearfix\">\n<p>Familiar en el sentit de mida redu\u00efda. L\u2019hotel La Sagrera no \u00e9s un hotel amb desenes d\u2019habitacions, sin\u00f3 que \u00e9s un hotel de dimensions redu\u00efdes en el qual els hostes s\u2019hi senten com a casa i el tracte amb el personal de l\u2019hotel \u00e9s proper. \u00c9s perfecte per a aquelles persones a les quals no els agraden els hotels grans en els quals coincideix una quantitat important de persones convivint all\u00e0 en un mateix moment.<\/span><\/p>\n<\/div><\/div><\/div><\/div><\/div><\/div><\/div><div class=\"fusion-layout-column fusion_builder_column fusion-builder-column-2 fusion_builder_column_1_2 1_2 fusion-flex-column\" style=\"--awb-bg-size:cover;--awb-width-large:50%;--awb-margin-top-large:0px;--awb-spacing-right-large:3.84%;--awb-margin-bottom-large:20px;--awb-spacing-left-large:3.84%;--awb-width-medium:50%;--awb-order-medium:0;--awb-spacing-right-medium:3.84%;--awb-spacing-left-medium:3.84%;--awb-width-small:100%;--awb-order-small:0;--awb-spacing-right-small:1.92%;--awb-spacing-left-small:1.92%;\"><div class=\"fusion-column-wrapper fusion-column-has-shadow fusion-flex-justify-content-flex-start fusion-content-layout-column\"><div class=\"fusion-image-element \" style=\"--awb-caption-title-font-family:var(--h2_typography-font-family);--awb-caption-title-font-weight:var(--h2_typography-font-weight);--awb-caption-title-font-style:var(--h2_typography-font-style);--awb-caption-title-size:var(--h2_typography-font-size);--awb-caption-title-transform:var(--h2_typography-text-transform);--awb-caption-title-line-height:var(--h2_typography-line-height);--awb-caption-title-letter-spacing:var(--h2_typography-letter-spacing);\"><span class=\" fusion-imageframe imageframe-none imageframe-1 hover-type-none\"><img decoding=\"async\" width=\"700\" height=\"500\" alt=\"Ciho La Segrera 3\" title=\"Ciho La Segrera 3\" src=\"https:\/\/ciho.es\/wp-content\/uploads\/2025\/08\/ciho-la-segrera-3.jpg\" data-orig-src=\"https:\/\/ciho.es\/wp-content\/uploads\/2025\/08\/ciho-la-segrera-3.jpg\" class=\"lazyload img-responsive wp-image-2707\" srcset=\"data:image\/svg+xml,%3Csvg%20xmlns%3D%27http%3A%2F%2Fwww.w3.org%2F2000%2Fsvg%27%20width%3D%27700%27%20height%3D%27500%27%20viewBox%3D%270%200%20700%20500%27%3E%3Crect%20width%3D%27700%27%20height%3D%27500%27%20fill-opacity%3D%220%22%2F%3E%3C%2Fsvg%3E\" data-srcset=\"https:\/\/ciho.es\/wp-content\/uploads\/2025\/08\/ciho-la-segrera-3-200x143.jpg 200w, https:\/\/ciho.es\/wp-content\/uploads\/2025\/08\/ciho-la-segrera-3-400x286.jpg 400w, https:\/\/ciho.es\/wp-content\/uploads\/2025\/08\/ciho-la-segrera-3-600x429.jpg 600w, https:\/\/ciho.es\/wp-content\/uploads\/2025\/08\/ciho-la-segrera-3.jpg 700w\" data-sizes=\"auto\" data-orig-sizes=\"(max-width: 640px) 100vw, 600px\" \/><\/span><\/div><\/div><\/div><\/div><\/div><div class=\"fusion-fullwidth fullwidth-box fusion-builder-row-3 fusion-flex-container has-pattern-background has-mask-background hundred-percent-fullwidth non-hundred-percent-height-scrolling\" style=\"--awb-border-radius-top-left:0px;--awb-border-radius-top-right:0px;--awb-border-radius-bottom-right:0px;--awb-border-radius-bottom-left:0px;--awb-padding-top:2%;--awb-padding-right:10%;--awb-padding-bottom:2%;--awb-padding-left:10%;--awb-flex-wrap:wrap;\" ><div class=\"fusion-builder-row fusion-row fusion-flex-align-items-center fusion-flex-content-wrap\" style=\"width:104% !important;max-width:104% !important;margin-left: calc(-4% \/ 2 );margin-right: calc(-4% \/ 2 );\"><div class=\"fusion-layout-column fusion_builder_column fusion-builder-column-3 fusion_builder_column_1_2 1_2 fusion-flex-column\" style=\"--awb-bg-size:cover;--awb-width-large:50%;--awb-margin-top-large:0px;--awb-spacing-right-large:3.84%;--awb-margin-bottom-large:20px;--awb-spacing-left-large:3.84%;--awb-width-medium:50%;--awb-order-medium:0;--awb-spacing-right-medium:3.84%;--awb-spacing-left-medium:3.84%;--awb-width-small:100%;--awb-order-small:1;--awb-spacing-right-small:1.92%;--awb-spacing-left-small:1.92%;\"><div class=\"fusion-column-wrapper fusion-column-has-shadow fusion-flex-justify-content-flex-start fusion-content-layout-column\"><div class=\"fusion-image-element \" style=\"--awb-caption-title-font-family:var(--h2_typography-font-family);--awb-caption-title-font-weight:var(--h2_typography-font-weight);--awb-caption-title-font-style:var(--h2_typography-font-style);--awb-caption-title-size:var(--h2_typography-font-size);--awb-caption-title-transform:var(--h2_typography-text-transform);--awb-caption-title-line-height:var(--h2_typography-line-height);--awb-caption-title-letter-spacing:var(--h2_typography-letter-spacing);\"><span class=\" fusion-imageframe imageframe-none imageframe-2 hover-type-none\"><img decoding=\"async\" width=\"700\" height=\"500\" alt=\"Ciho La Segrera 4\" title=\"Ciho La Segrera 4\" src=\"https:\/\/ciho.es\/wp-content\/uploads\/2025\/08\/ciho-la-segrera-4.jpg\" data-orig-src=\"https:\/\/ciho.es\/wp-content\/uploads\/2025\/08\/ciho-la-segrera-4.jpg\" class=\"lazyload img-responsive wp-image-2709\" srcset=\"data:image\/svg+xml,%3Csvg%20xmlns%3D%27http%3A%2F%2Fwww.w3.org%2F2000%2Fsvg%27%20width%3D%27700%27%20height%3D%27500%27%20viewBox%3D%270%200%20700%20500%27%3E%3Crect%20width%3D%27700%27%20height%3D%27500%27%20fill-opacity%3D%220%22%2F%3E%3C%2Fsvg%3E\" data-srcset=\"https:\/\/ciho.es\/wp-content\/uploads\/2025\/08\/ciho-la-segrera-4-200x143.jpg 200w, https:\/\/ciho.es\/wp-content\/uploads\/2025\/08\/ciho-la-segrera-4-400x286.jpg 400w, https:\/\/ciho.es\/wp-content\/uploads\/2025\/08\/ciho-la-segrera-4-600x429.jpg 600w, https:\/\/ciho.es\/wp-content\/uploads\/2025\/08\/ciho-la-segrera-4.jpg 700w\" data-sizes=\"auto\" data-orig-sizes=\"(max-width: 640px) 100vw, 600px\" \/><\/span><\/div><\/div><\/div><div class=\"fusion-layout-column fusion_builder_column fusion-builder-column-4 fusion_builder_column_1_2 1_2 fusion-flex-column\" style=\"--awb-bg-size:cover;--awb-width-large:50%;--awb-margin-top-large:0px;--awb-spacing-right-large:3.84%;--awb-margin-bottom-large:20px;--awb-spacing-left-large:3.84%;--awb-width-medium:50%;--awb-order-medium:0;--awb-spacing-right-medium:3.84%;--awb-spacing-left-medium:3.84%;--awb-width-small:100%;--awb-order-small:0;--awb-spacing-right-small:1.92%;--awb-spacing-left-small:1.92%;\"><div class=\"fusion-column-wrapper fusion-column-has-shadow fusion-flex-justify-content-flex-start fusion-content-layout-column\"><div class=\"fusion-title title fusion-title-3 fusion-sep-none fusion-title-text fusion-title-size-three\" style=\"--awb-margin-top-small:10px;--awb-margin-right-small:0px;--awb-margin-bottom-small:10px;--awb-margin-left-small:0px;\"><h3 class=\"fusion-title-heading title-heading-left\" style=\"margin:0;\">Qu\u00e8 vam proporcionar a l\u2019hotel La Sagrera?<\/h3><\/div><div class=\"fusion-text fusion-text-2\"><ul>\n<li style=\"font-weight: 400;\" aria-level=\"1\">Panys iMax Wireless teclat de Tesa Assa Abloy<\/span><\/li>\n<li style=\"font-weight: 400;\" aria-level=\"1\">Televisors Android 39 GIF 6800 B B2B de Grundig<\/span><\/li>\n<li style=\"font-weight: 400;\" aria-level=\"1\">Portarotlles amb tapa Metro de Ghessubath<\/span><\/li>\n<li style=\"font-weight: 400;\" aria-level=\"1\">Tovalloler barra de 45 cm Metro de Ghessubath<\/span><\/li>\n<li style=\"font-weight: 400;\" aria-level=\"1\">Penjador doble Metro de Ghessubath<\/span><\/li>\n<li style=\"font-weight: 400;\" aria-level=\"1\">Tovalloler repisa 4 anclatges Metro de Ghessubath<\/span><\/li>\n<li style=\"font-weight: 400;\" aria-level=\"1\">Escombreta terra-paret de Ghessubath<\/span><\/li>\n<li style=\"font-weight: 400;\" aria-level=\"1\">Repisa de vidre Liner de Ghessubath<\/span><\/li>\n<li style=\"font-weight: 400;\" aria-level=\"1\">Matalassos Paris H29 visco de Sonpura<\/span><\/li>\n<li style=\"font-weight: 400;\" aria-level=\"1\">Coix\u00ed Yulia de Moshy<\/span><\/li>\n<li style=\"font-weight: 400;\" aria-level=\"1\">Coix\u00ed Hercules de Moshy<\/span><\/li>\n<li style=\"font-weight: 400;\" aria-level=\"1\">Farcit edred\u00f3 Himalaya 250 g de Moshy<\/span><\/li>\n<li style=\"font-weight: 400;\" aria-level=\"1\">Topper fibra de Moshy<\/span><\/li>\n<li style=\"font-weight: 400;\" aria-level=\"1\">Protector de matal\u00e0s Suavitex de Moshy<\/span><\/li>\n<\/ul>\n<\/div><\/div><\/div><\/div><\/div><\/p>\n","protected":false},"excerpt":{"rendered":"","protected":false},"author":1,"featured_media":2711,"comment_status":"closed","ping_status":"closed","sticky":false,"template":"","format":"standard","meta":{"footnotes":""},"categories":[39],"tags":[],"class_list":["post-2715","post","type-post","status-publish","format-standard","has-post-thumbnail","hentry","category-projectes"],"_links":{"self":[{"href":"https:\/\/ciho.es\/ca\/wp-json\/wp\/v2\/posts\/2715","targetHints":{"allow":["GET"]}}],"collection":[{"href":"https:\/\/ciho.es\/ca\/wp-json\/wp\/v2\/posts"}],"about":[{"href":"https:\/\/ciho.es\/ca\/wp-json\/wp\/v2\/types\/post"}],"author":[{"embeddable":true,"href":"https:\/\/ciho.es\/ca\/wp-json\/wp\/v2\/users\/1"}],"replies":[{"embeddable":true,"href":"https:\/\/ciho.es\/ca\/wp-json\/wp\/v2\/comments?post=2715"}],"version-history":[{"count":2,"href":"https:\/\/ciho.es\/ca\/wp-json\/wp\/v2\/posts\/2715\/revisions"}],"predecessor-version":[{"id":2717,"href":"https:\/\/ciho.es\/ca\/wp-json\/wp\/v2\/posts\/2715\/revisions\/2717"}],"wp:featuredmedia":[{"embeddable":true,"href":"https:\/\/ciho.es\/ca\/wp-json\/wp\/v2\/media\/2711"}],"wp:attachment":[{"href":"https:\/\/ciho.es\/ca\/wp-json\/wp\/v2\/media?parent=2715"}],"wp:term":[{"taxonomy":"category","embeddable":true,"href":"https:\/\/ciho.es\/ca\/wp-json\/wp\/v2\/categories?post=2715"},{"taxonomy":"post_tag","embeddable":true,"href":"https:\/\/ciho.es\/ca\/wp-json\/wp\/v2\/tags?post=2715"}],"curies":[{"name":"wp","href":"https:\/\/api.w.org\/{rel}","templated":true}]}}