{"id":2648,"date":"2025-07-17T16:06:51","date_gmt":"2025-07-17T14:06:51","guid":{"rendered":"https:\/\/ciho.es\/?p=2648"},"modified":"2025-07-15T16:17:09","modified_gmt":"2025-07-15T14:17:09","slug":"hotel-sunclub-calavinya","status":"publish","type":"post","link":"https:\/\/ciho.es\/ca\/projectes\/hotel-sunclub-calavinya\/","title":{"rendered":"Hotel Sunclub Calavinya"},"content":{"rendered":"<p><div class=\"fusion-fullwidth fullwidth-box fusion-builder-row-1 fusion-flex-container has-pattern-background has-mask-background nonhundred-percent-fullwidth non-hundred-percent-height-scrolling\" style=\"--awb-border-radius-top-left:0px;--awb-border-radius-top-right:0px;--awb-border-radius-bottom-right:0px;--awb-border-radius-bottom-left:0px;--awb-padding-top:2%;--awb-padding-bottom:2%;--awb-flex-wrap:wrap;\" ><div class=\"fusion-builder-row fusion-row fusion-flex-align-items-flex-start fusion-flex-content-wrap\" style=\"max-width:1248px;margin-left: calc(-4% \/ 2 );margin-right: calc(-4% \/ 2 );\"><div class=\"fusion-layout-column fusion_builder_column fusion-builder-column-0 fusion_builder_column_1_1 1_1 fusion-flex-column\" style=\"--awb-bg-size:cover;--awb-width-large:100%;--awb-margin-top-large:0px;--awb-spacing-right-large:1.92%;--awb-margin-bottom-large:20px;--awb-spacing-left-large:1.92%;--awb-width-medium:100%;--awb-order-medium:0;--awb-spacing-right-medium:1.92%;--awb-spacing-left-medium:1.92%;--awb-width-small:100%;--awb-order-small:0;--awb-spacing-right-small:1.92%;--awb-spacing-left-small:1.92%;\"><div class=\"fusion-column-wrapper fusion-column-has-shadow fusion-flex-justify-content-flex-start fusion-content-layout-column\"><div class=\"fusion-title title fusion-title-1 fusion-sep-none fusion-title-text fusion-title-size-two\" style=\"--awb-margin-top-small:10px;--awb-margin-right-small:0px;--awb-margin-bottom-small:10px;--awb-margin-left-small:0px;\"><h2 class=\"fusion-title-heading title-heading-left\" style=\"margin:0;\">Aquest hotel situat en un edifici hist\u00f2ric al cor del cap de Salou reobre les seves portes m\u00e9s de 20 anys despr\u00e9s<\/h2><\/div><div class=\"fusion-text fusion-text-1\"><p>Despr\u00e9s de dos anys intensos d\u2019obres i reformes, aquest estiu de 2025 per fi ha obert les seves portes l\u2019Hotel Sunclub Calavinya de Salou. Amb la seva obertura, la localitat guanya 100 habitacions hoteleres m\u00e9s enfocades a un p\u00fablic adult. Aquest hotel est\u00e0 situat al costat de la carretera de la Costa, al cor del cap de Salou, i havia tancat les seves portes l\u2019any 2000 despr\u00e9s de 40 anys de funcionament exit\u00f3s.<\/span><\/p>\n<p>L\u2019Hotel Sunclub Calavinya t\u00e9 quelcom que el converteix en summament especial: \u00e9s obra del prestigi\u00f3s arquitecte Antoni Bonet Castellana i compta amb un important valor hist\u00f2ric. En la reforma es va aprofitar l\u2019estil qrquitect\u00f2nic modern dels anys 60 i en els interiors es va apostar per tematitzar-los seguint la l\u00ednia est\u00e8tica d\u2019aquesta \u00e8poca. Amb una decoraci\u00f3 d\u2019estil retro, l\u2019Hotel Sunclub Calavinya \u00e9s un magn\u00edfic hotel que t\u00e9 tot el que necessita el p\u00fablic adult per gaudir d\u2019un descans excepcional a la Costa Daurada.<\/span><\/p>\n<p>Quan des d\u2019Hotel Sunclub Calavinya van contactar amb CIHO perqu\u00e8 els ajud\u00e9ssim subministrant productes, de seguida vam veure que es tractava d\u2019un projecte que era un repte en maj\u00fascules. Era la reforma i ampliaci\u00f3 d\u2019un hotel que feia m\u00e9s de 20 anys que estava tancat, d\u2019una reforma integral que pretenia conservar l\u2019estructura i l\u2019estil originals creant una atmosfera retro i selecta. Participar en aquest projecte va ser un repte que ens va animar a aportar el millor del nostre cat\u00e0leg a aquest incre\u00efble hotel del qual molts turistes gaudiran aquest estiu i tamb\u00e9 els seg\u00fcents.<\/span><\/p>\n<\/div><\/div><\/div><\/div><\/div><div class=\"fusion-fullwidth fullwidth-box fusion-builder-row-2 fusion-flex-container has-pattern-background has-mask-background hundred-percent-fullwidth non-hundred-percent-height-scrolling\" style=\"--awb-border-radius-top-left:0px;--awb-border-radius-top-right:0px;--awb-border-radius-bottom-right:0px;--awb-border-radius-bottom-left:0px;--awb-padding-top:2%;--awb-padding-right:10%;--awb-padding-bottom:2%;--awb-padding-left:10%;--awb-flex-wrap:wrap;\" ><div class=\"fusion-builder-row fusion-row fusion-flex-align-items-center fusion-flex-content-wrap\" style=\"width:104% !important;max-width:104% !important;margin-left: calc(-4% \/ 2 );margin-right: calc(-4% \/ 2 );\"><div class=\"fusion-layout-column fusion_builder_column fusion-builder-column-1 fusion_builder_column_1_2 1_2 fusion-flex-column\" style=\"--awb-bg-size:cover;--awb-width-large:50%;--awb-margin-top-large:0px;--awb-spacing-right-large:3.84%;--awb-margin-bottom-large:20px;--awb-spacing-left-large:3.84%;--awb-width-medium:50%;--awb-order-medium:0;--awb-spacing-right-medium:3.84%;--awb-spacing-left-medium:3.84%;--awb-width-small:100%;--awb-order-small:0;--awb-spacing-right-small:1.92%;--awb-spacing-left-small:1.92%;\"><div class=\"fusion-column-wrapper fusion-column-has-shadow fusion-flex-justify-content-flex-start fusion-content-layout-column\"><div class=\"fusion-title title fusion-title-2 fusion-sep-none fusion-title-text fusion-title-size-three\" style=\"--awb-margin-top-small:10px;--awb-margin-right-small:0px;--awb-margin-bottom-small:10px;--awb-margin-left-small:0px;\"><h3 class=\"fusion-title-heading title-heading-left\" style=\"margin:0;\">Aquesta \u00e9s la f\u00f3rmula del projecte: comoditat + estil retro + ess\u00e8ncia mediterr\u00e0nia + homenatge a l\u2019arquitecte Bonet Castellana<\/h3><\/div><div class=\"accordian fusion-accordian\" style=\"--awb-border-size:1px;--awb-icon-size:16px;--awb-icon-alignment:left;--awb-hover-color:var(--awb-color2);--awb-border-color:var(--awb-color3);--awb-background-color:var(--awb-color1);--awb-divider-color:var(--awb-color3);--awb-divider-hover-color:var(--awb-color3);--awb-icon-color:var(--awb-color1);--awb-title-color:var(--awb-color8);--awb-content-color:var(--awb-color8);--awb-icon-box-color:var(--awb-color8);--awb-toggle-hover-accent-color:var(--awb-color5);--awb-title-font-family:var(--awb-typography1-font-family);--awb-title-font-weight:var(--awb-typography1-font-weight);--awb-title-font-style:var(--awb-typography1-font-style);--awb-title-font-size:16px;--awb-title-line-height:1;\"><div class=\"panel-group fusion-toggle-icon-boxed\" id=\"accordion-2648-1\"><div class=\"fusion-panel panel-default panel-df2ba5e3de5c94740 fusion-toggle-has-divider\" style=\"--awb-title-color:var(--awb-color8);--awb-content-color:var(--awb-color8);\"><div class=\"panel-heading\"><h4 class=\"panel-title toggle\" id=\"toggle_df2ba5e3de5c94740\"><a class=\"active\" aria-expanded=\"true\" aria-controls=\"df2ba5e3de5c94740\" role=\"button\" data-toggle=\"collapse\" data-parent=\"#accordion-2648-1\" data-target=\"#df2ba5e3de5c94740\" href=\"#df2ba5e3de5c94740\"><span class=\"fusion-toggle-icon-wrapper\" aria-hidden=\"true\"><i class=\"fa-fusion-box active-icon awb-icon-minus\" aria-hidden=\"true\"><\/i><i class=\"fa-fusion-box inactive-icon awb-icon-plus\" aria-hidden=\"true\"><\/i><\/span><span class=\"fusion-toggle-heading\">Comoditat<\/span><\/a><\/h4><\/div><div id=\"df2ba5e3de5c94740\" class=\"panel-collapse collapse in\" aria-labelledby=\"toggle_df2ba5e3de5c94740\"><div class=\"panel-body toggle-content fusion-clearfix\">En tractar-se d\u2019un hotel dissenyat per a un p\u00fablic adult, les diferents estances tant comunes com compartides, tenen com a denominador com\u00fa la comoditat per a adults. \u00c9s a dir, l\u2019hotel inclou tot all\u00f2 que pot atreure un p\u00fablic adult que busca relax i desconnexi\u00f3 en la seva estada: des de piscines, spas, jacuzzis, zones per gaudir de la lectura o espais per degustar un c\u00f2ctel amb tranquil\u00b7litat.<\/div><\/div><\/div><div class=\"fusion-panel panel-default panel-6829db9cc33e88906 fusion-toggle-has-divider\" style=\"--awb-title-color:var(--awb-color8);--awb-content-color:var(--awb-color8);\"><div class=\"panel-heading\"><h4 class=\"panel-title toggle\" id=\"toggle_6829db9cc33e88906\"><a aria-expanded=\"false\" aria-controls=\"6829db9cc33e88906\" role=\"button\" data-toggle=\"collapse\" data-parent=\"#accordion-2648-1\" data-target=\"#6829db9cc33e88906\" href=\"#6829db9cc33e88906\"><span class=\"fusion-toggle-icon-wrapper\" aria-hidden=\"true\"><i class=\"fa-fusion-box active-icon awb-icon-minus\" aria-hidden=\"true\"><\/i><i class=\"fa-fusion-box inactive-icon awb-icon-plus\" aria-hidden=\"true\"><\/i><\/span><span class=\"fusion-toggle-heading\">Estil retro<\/span><\/a><\/h4><\/div><div id=\"6829db9cc33e88906\" class=\"panel-collapse collapse \" aria-labelledby=\"toggle_6829db9cc33e88906\"><div class=\"panel-body toggle-content fusion-clearfix\">\n<p>Durant la seva reforma i ampliaci\u00f3, en tot moment es va buscar mantenir l\u2019ess\u00e8ncia arquitect\u00f2nica i decorativa de l\u2019Hotel Sunclub Calavinya, cosa que significa que els seus interiors tenen matisos i tocs que traslladen els hostes a un lux\u00f3s hotel de la d\u00e8cada dels 60 del segle passat. Des de les rajoles, la cer\u00e0mica dels banys o els elements decoratius de les habitacions, tot s\u2019inspira en la d\u00e8cada dels 60 i des de CIHO vam tenir el repte de buscar productes amb la sofisticaci\u00f3 i practicitat d\u2019ara amb un disseny que\u00a0 encaix\u00e9s en aquest entorn vintage.<\/span><\/p>\n<\/div><\/div><\/div><div class=\"fusion-panel panel-default panel-71b763f6abe3e437a fusion-toggle-has-divider\" style=\"--awb-title-color:var(--awb-color8);--awb-content-color:var(--awb-color8);\"><div class=\"panel-heading\"><h4 class=\"panel-title toggle\" id=\"toggle_71b763f6abe3e437a\"><a aria-expanded=\"false\" aria-controls=\"71b763f6abe3e437a\" role=\"button\" data-toggle=\"collapse\" data-parent=\"#accordion-2648-1\" data-target=\"#71b763f6abe3e437a\" href=\"#71b763f6abe3e437a\"><span class=\"fusion-toggle-icon-wrapper\" aria-hidden=\"true\"><i class=\"fa-fusion-box active-icon awb-icon-minus\" aria-hidden=\"true\"><\/i><i class=\"fa-fusion-box inactive-icon awb-icon-plus\" aria-hidden=\"true\"><\/i><\/span><span class=\"fusion-toggle-heading\">Ess\u00e8ncia mediterr\u00e0nia<\/span><\/a><\/h4><\/div><div id=\"71b763f6abe3e437a\" class=\"panel-collapse collapse \" aria-labelledby=\"toggle_71b763f6abe3e437a\"><div class=\"panel-body toggle-content fusion-clearfix\">\n<p>Com no podia ser de cap m\u00e9s manera, un hotel situat al cor del cap de Salou a escassos 200 metres de la platja havia de desprendre ess\u00e8ncia mediterr\u00e0nia a cada cent\u00edmetre. Aix\u00ed ho demostren els colors c\u00e0lids que impregnen les habitacions. Des dels t\u00e8xtils fins al mobiliari passant per la il\u00b7luminaci\u00f3 i els colors de les parets, tots els racons de l\u2019Hotel Sunclub Calavinya inspira mediterraneitat. <\/span><\/p>\n<\/div><\/div><\/div><div class=\"fusion-panel panel-default panel-e8fd0094627a4a992 fusion-toggle-has-divider\" style=\"--awb-title-color:var(--awb-color8);--awb-content-color:var(--awb-color8);\"><div class=\"panel-heading\"><h4 class=\"panel-title toggle\" id=\"toggle_e8fd0094627a4a992\"><a aria-expanded=\"false\" aria-controls=\"e8fd0094627a4a992\" role=\"button\" data-toggle=\"collapse\" data-parent=\"#accordion-2648-1\" data-target=\"#e8fd0094627a4a992\" href=\"#e8fd0094627a4a992\"><span class=\"fusion-toggle-icon-wrapper\" aria-hidden=\"true\"><i class=\"fa-fusion-box active-icon awb-icon-minus\" aria-hidden=\"true\"><\/i><i class=\"fa-fusion-box inactive-icon awb-icon-plus\" aria-hidden=\"true\"><\/i><\/span><span class=\"fusion-toggle-heading\">Homenatge a l\u2019arquitecte Bonet Castellana<\/span><\/a><\/h4><\/div><div id=\"e8fd0094627a4a992\" class=\"panel-collapse collapse \" aria-labelledby=\"toggle_e8fd0094627a4a992\"><div class=\"panel-body toggle-content fusion-clearfix\">\n<p>El fet que l\u2019hotel estigui situat en un edifici hist\u00f2ric de contrastada import\u00e0ncia arquitect\u00f2nica, va fer que la reforma s\u2019hagu\u00e9s de dur a terme amb molta cura. De fet, es va conservar l\u2019estructura original, s\u2019ha mantingut l\u2019interior com era en aquella \u00e8poca i, fins i tot, s\u2019ha ampliat seguint els c\u00e0nons de llavors. Aix\u00f2 s\u2019ha fet per l\u2019important valor que t\u00e9 l\u2019hotel i, fins i tot, d\u2019aqu\u00ed a pocs mesos, l\u2019hotel inaugurar\u00e0 un espai de divulgaci\u00f3 de la figura de l\u2019arquitecte Bonet Castellana a les seves instal\u00b7lacions.<\/span><\/p>\n<\/div><\/div><\/div><\/div><\/div><\/div><\/div><div class=\"fusion-layout-column fusion_builder_column fusion-builder-column-2 fusion_builder_column_1_2 1_2 fusion-flex-column\" style=\"--awb-bg-size:cover;--awb-width-large:50%;--awb-margin-top-large:0px;--awb-spacing-right-large:3.84%;--awb-margin-bottom-large:20px;--awb-spacing-left-large:3.84%;--awb-width-medium:50%;--awb-order-medium:0;--awb-spacing-right-medium:3.84%;--awb-spacing-left-medium:3.84%;--awb-width-small:100%;--awb-order-small:0;--awb-spacing-right-small:1.92%;--awb-spacing-left-small:1.92%;\"><div class=\"fusion-column-wrapper fusion-column-has-shadow fusion-flex-justify-content-flex-start fusion-content-layout-column\"><div class=\"fusion-image-element \" style=\"--awb-caption-title-font-family:var(--h2_typography-font-family);--awb-caption-title-font-weight:var(--h2_typography-font-weight);--awb-caption-title-font-style:var(--h2_typography-font-style);--awb-caption-title-size:var(--h2_typography-font-size);--awb-caption-title-transform:var(--h2_typography-text-transform);--awb-caption-title-line-height:var(--h2_typography-line-height);--awb-caption-title-letter-spacing:var(--h2_typography-letter-spacing);\"><span class=\" fusion-imageframe imageframe-none imageframe-1 hover-type-none\"><img decoding=\"async\" width=\"700\" height=\"500\" alt=\"Ciho Hotel Sunclub Calavinya 0\" title=\"Ciho Hotel Sunclub Calavinya 0\" src=\"https:\/\/ciho.es\/wp-content\/uploads\/2025\/07\/ciho-hotel-sunclub-calavinya-0.webp\" data-orig-src=\"https:\/\/ciho.es\/wp-content\/uploads\/2025\/07\/ciho-hotel-sunclub-calavinya-0.webp\" class=\"lazyload img-responsive wp-image-2640\" srcset=\"data:image\/svg+xml,%3Csvg%20xmlns%3D%27http%3A%2F%2Fwww.w3.org%2F2000%2Fsvg%27%20width%3D%27700%27%20height%3D%27500%27%20viewBox%3D%270%200%20700%20500%27%3E%3Crect%20width%3D%27700%27%20height%3D%27500%27%20fill-opacity%3D%220%22%2F%3E%3C%2Fsvg%3E\" data-srcset=\"https:\/\/ciho.es\/wp-content\/uploads\/2025\/07\/ciho-hotel-sunclub-calavinya-0-200x143.webp 200w, https:\/\/ciho.es\/wp-content\/uploads\/2025\/07\/ciho-hotel-sunclub-calavinya-0-400x286.webp 400w, https:\/\/ciho.es\/wp-content\/uploads\/2025\/07\/ciho-hotel-sunclub-calavinya-0-600x429.webp 600w, https:\/\/ciho.es\/wp-content\/uploads\/2025\/07\/ciho-hotel-sunclub-calavinya-0.webp 700w\" data-sizes=\"auto\" data-orig-sizes=\"(max-width: 640px) 100vw, 600px\" \/><\/span><\/div><\/div><\/div><\/div><\/div><div class=\"fusion-fullwidth fullwidth-box fusion-builder-row-3 fusion-flex-container has-pattern-background has-mask-background hundred-percent-fullwidth non-hundred-percent-height-scrolling\" style=\"--awb-border-radius-top-left:0px;--awb-border-radius-top-right:0px;--awb-border-radius-bottom-right:0px;--awb-border-radius-bottom-left:0px;--awb-padding-top:2%;--awb-padding-right:10%;--awb-padding-bottom:2%;--awb-padding-left:10%;--awb-flex-wrap:wrap;\" ><div class=\"fusion-builder-row fusion-row fusion-flex-align-items-center fusion-flex-content-wrap\" style=\"width:104% !important;max-width:104% !important;margin-left: calc(-4% \/ 2 );margin-right: calc(-4% \/ 2 );\"><div class=\"fusion-layout-column fusion_builder_column fusion-builder-column-3 fusion_builder_column_1_2 1_2 fusion-flex-column\" style=\"--awb-bg-size:cover;--awb-width-large:50%;--awb-margin-top-large:0px;--awb-spacing-right-large:3.84%;--awb-margin-bottom-large:20px;--awb-spacing-left-large:3.84%;--awb-width-medium:50%;--awb-order-medium:0;--awb-spacing-right-medium:3.84%;--awb-spacing-left-medium:3.84%;--awb-width-small:100%;--awb-order-small:1;--awb-spacing-right-small:1.92%;--awb-spacing-left-small:1.92%;\"><div class=\"fusion-column-wrapper fusion-column-has-shadow fusion-flex-justify-content-flex-start fusion-content-layout-column\"><div class=\"fusion-image-element \" style=\"--awb-caption-title-font-family:var(--h2_typography-font-family);--awb-caption-title-font-weight:var(--h2_typography-font-weight);--awb-caption-title-font-style:var(--h2_typography-font-style);--awb-caption-title-size:var(--h2_typography-font-size);--awb-caption-title-transform:var(--h2_typography-text-transform);--awb-caption-title-line-height:var(--h2_typography-line-height);--awb-caption-title-letter-spacing:var(--h2_typography-letter-spacing);\"><span class=\" fusion-imageframe imageframe-none imageframe-2 hover-type-none\"><img decoding=\"async\" width=\"700\" height=\"500\" alt=\"Ciho Hotel Sunclub Calavinya 1\" title=\"Ciho Hotel Sunclub Calavinya 1\" src=\"https:\/\/ciho.es\/wp-content\/uploads\/2025\/07\/ciho-hotel-sunclub-calavinya-1.jpeg\" data-orig-src=\"https:\/\/ciho.es\/wp-content\/uploads\/2025\/07\/ciho-hotel-sunclub-calavinya-1.jpeg\" class=\"lazyload img-responsive wp-image-2642\" srcset=\"data:image\/svg+xml,%3Csvg%20xmlns%3D%27http%3A%2F%2Fwww.w3.org%2F2000%2Fsvg%27%20width%3D%27700%27%20height%3D%27500%27%20viewBox%3D%270%200%20700%20500%27%3E%3Crect%20width%3D%27700%27%20height%3D%27500%27%20fill-opacity%3D%220%22%2F%3E%3C%2Fsvg%3E\" data-srcset=\"https:\/\/ciho.es\/wp-content\/uploads\/2025\/07\/ciho-hotel-sunclub-calavinya-1-200x143.jpeg 200w, https:\/\/ciho.es\/wp-content\/uploads\/2025\/07\/ciho-hotel-sunclub-calavinya-1-400x286.jpeg 400w, https:\/\/ciho.es\/wp-content\/uploads\/2025\/07\/ciho-hotel-sunclub-calavinya-1-600x429.jpeg 600w, https:\/\/ciho.es\/wp-content\/uploads\/2025\/07\/ciho-hotel-sunclub-calavinya-1.jpeg 700w\" data-sizes=\"auto\" data-orig-sizes=\"(max-width: 640px) 100vw, 600px\" \/><\/span><\/div><\/div><\/div><div class=\"fusion-layout-column fusion_builder_column fusion-builder-column-4 fusion_builder_column_1_2 1_2 fusion-flex-column\" style=\"--awb-bg-size:cover;--awb-width-large:50%;--awb-margin-top-large:0px;--awb-spacing-right-large:3.84%;--awb-margin-bottom-large:20px;--awb-spacing-left-large:3.84%;--awb-width-medium:50%;--awb-order-medium:0;--awb-spacing-right-medium:3.84%;--awb-spacing-left-medium:3.84%;--awb-width-small:100%;--awb-order-small:0;--awb-spacing-right-small:1.92%;--awb-spacing-left-small:1.92%;\"><div class=\"fusion-column-wrapper fusion-column-has-shadow fusion-flex-justify-content-flex-start fusion-content-layout-column\"><div class=\"fusion-title title fusion-title-3 fusion-sep-none fusion-title-text fusion-title-size-three\" style=\"--awb-margin-top-small:10px;--awb-margin-right-small:0px;--awb-margin-bottom-small:10px;--awb-margin-left-small:0px;\"><h3 class=\"fusion-title-heading title-heading-left\" style=\"margin:0;\">Qu\u00e8 vam proporcionar a l\u2019Hotel Sunclub Calavinya?<\/h3><\/div><div class=\"fusion-text fusion-text-2\"><ul>\n<li>Panys iMinimal Wireless de Tesa Assa Abloy<\/li>\n<li>Tatgetes personalitzades Mifare 1k<\/li>\n<li>Televisor Android 50&#8243; 50 GIU 7800 B B2B de Grundig<\/li>\n<li>Suport TV STV 638N extrapl\u00e0 de Fonestar<\/li>\n<li>Minibars absorci\u00f3 Austral 30 litros d\u2019Arregui<\/li>\n<li>Caixa de seguretat Resort S3 d\u2019Arregui<\/li>\n<li>Assecador pistola Action 1600w plus all black de Valera<\/li>\n<li>Bossa assecador negra 100% cot\u00f3 de Ghessubath<\/li>\n<li>Bullidor Naomi abs negre 0,8 litres Ghessubath<\/li>\n<li>Cubell pedal 5 l negre de Ghessubath<\/li>\n<li>Coix\u00ed Yulia de Moshy<\/li>\n<li>Agafador abatible de Ghessubath<\/li>\n<li>Agafador barra de 50 cm Ghessubath<\/li>\n<\/ul>\n<\/div><\/div><\/div><\/div><\/div><\/p>\n","protected":false},"excerpt":{"rendered":"","protected":false},"author":1,"featured_media":2644,"comment_status":"closed","ping_status":"closed","sticky":false,"template":"","format":"standard","meta":{"footnotes":""},"categories":[39],"tags":[],"class_list":["post-2648","post","type-post","status-publish","format-standard","has-post-thumbnail","hentry","category-projectes"],"_links":{"self":[{"href":"https:\/\/ciho.es\/ca\/wp-json\/wp\/v2\/posts\/2648","targetHints":{"allow":["GET"]}}],"collection":[{"href":"https:\/\/ciho.es\/ca\/wp-json\/wp\/v2\/posts"}],"about":[{"href":"https:\/\/ciho.es\/ca\/wp-json\/wp\/v2\/types\/post"}],"author":[{"embeddable":true,"href":"https:\/\/ciho.es\/ca\/wp-json\/wp\/v2\/users\/1"}],"replies":[{"embeddable":true,"href":"https:\/\/ciho.es\/ca\/wp-json\/wp\/v2\/comments?post=2648"}],"version-history":[{"count":1,"href":"https:\/\/ciho.es\/ca\/wp-json\/wp\/v2\/posts\/2648\/revisions"}],"predecessor-version":[{"id":2649,"href":"https:\/\/ciho.es\/ca\/wp-json\/wp\/v2\/posts\/2648\/revisions\/2649"}],"wp:featuredmedia":[{"embeddable":true,"href":"https:\/\/ciho.es\/ca\/wp-json\/wp\/v2\/media\/2644"}],"wp:attachment":[{"href":"https:\/\/ciho.es\/ca\/wp-json\/wp\/v2\/media?parent=2648"}],"wp:term":[{"taxonomy":"category","embeddable":true,"href":"https:\/\/ciho.es\/ca\/wp-json\/wp\/v2\/categories?post=2648"},{"taxonomy":"post_tag","embeddable":true,"href":"https:\/\/ciho.es\/ca\/wp-json\/wp\/v2\/tags?post=2648"}],"curies":[{"name":"wp","href":"https:\/\/api.w.org\/{rel}","templated":true}]}}