{"id":2594,"date":"2025-06-26T13:50:15","date_gmt":"2025-06-26T11:50:15","guid":{"rendered":"https:\/\/ciho.es\/?p=2594"},"modified":"2025-06-26T11:58:10","modified_gmt":"2025-06-26T09:58:10","slug":"estival-maramar","status":"publish","type":"post","link":"https:\/\/ciho.es\/ca\/projectes\/estival-maramar\/","title":{"rendered":"Estival Maramar"},"content":{"rendered":"<p><div class=\"fusion-fullwidth fullwidth-box fusion-builder-row-1 fusion-flex-container has-pattern-background has-mask-background nonhundred-percent-fullwidth non-hundred-percent-height-scrolling\" style=\"--awb-border-radius-top-left:0px;--awb-border-radius-top-right:0px;--awb-border-radius-bottom-right:0px;--awb-border-radius-bottom-left:0px;--awb-padding-top:2%;--awb-padding-bottom:2%;--awb-flex-wrap:wrap;\" ><div class=\"fusion-builder-row fusion-row fusion-flex-align-items-flex-start fusion-flex-content-wrap\" style=\"max-width:1248px;margin-left: calc(-4% \/ 2 );margin-right: calc(-4% \/ 2 );\"><div class=\"fusion-layout-column fusion_builder_column fusion-builder-column-0 fusion_builder_column_1_1 1_1 fusion-flex-column\" style=\"--awb-bg-size:cover;--awb-width-large:100%;--awb-margin-top-large:0px;--awb-spacing-right-large:1.92%;--awb-margin-bottom-large:20px;--awb-spacing-left-large:1.92%;--awb-width-medium:100%;--awb-order-medium:0;--awb-spacing-right-medium:1.92%;--awb-spacing-left-medium:1.92%;--awb-width-small:100%;--awb-order-small:0;--awb-spacing-right-small:1.92%;--awb-spacing-left-small:1.92%;\"><div class=\"fusion-column-wrapper fusion-column-has-shadow fusion-flex-justify-content-flex-start fusion-content-layout-column\"><div class=\"fusion-title title fusion-title-1 fusion-sep-none fusion-title-text fusion-title-size-two\" style=\"--awb-margin-top-small:10px;--awb-margin-right-small:0px;--awb-margin-bottom-small:10px;--awb-margin-left-small:0px;\"><h2 class=\"fusion-title-heading title-heading-left\" style=\"margin:0;\">Un petit parad\u00eds per gaudir en fam\u00edlia de la Costa Daurada<\/h2><\/div><div class=\"fusion-text fusion-text-1\"><p>L\u2019Estival Maramar obre de nou les seves portes aquest mes de juny despr\u00e9s de sotmetre\u2019s a una reforma que, sense cap mena de dubte, el convertir\u00e0 en una de les destinacions preferides d\u2019aquelles fam\u00edlies que volen gaudir de la Costa Daurada durant les seves vacances. Aquest magn\u00edfic hotel 4* superior t\u00e9 tot el que es pot desitjar en unes vacances familiars: des de propostes per entretenir els m\u00e9s petits, fins a propostes de relax i desconnexi\u00f3 pels adults i, com no podia ser de cap altra manera, espais per compartir en fam\u00edlia.<\/p>\n<p>L\u2019hotel Estival Maramar es troba a la localitat de Comarruga, en una zona d\u2019all\u00f2 m\u00e9s tranquil\u00b7la. A tan sols 500 metres de l\u2019hotel hi ha la platja, de manera que els hostes poden gaudir-ne, de la sorra i del Mediterrani amb tota comoditat. Els diferents espais de l\u2019Estival Maramar, tant els comunitaris com els d\u2019\u00fas privat, estan dissenyats pensant en la practicitat i la comoditat de les fam\u00edlies. Per aquest motiu, l\u2019hotel compta amb estances amb capacitat per a fam\u00edlies perqu\u00e8 els pares puguin estar amb els seus fills en una mateixa habitaci\u00f3.<\/p>\n<p>Per a CIHO va ser tot un repte contribuir a la important reforma a la qual es va sotmetre l\u2019hotel Estival Maramar. Els vam subministrar els millors productes de les marques m\u00e9s prestigioses del mercat i ens vam assegurar que tot arribava quan pertocava perqu\u00e8 l\u2019hotel pogu\u00e9s obrir les seves portes aquest mes de juny. Els desitgem una exitosa reobertura i moltes temporades amb el cartell de \u201ccomplet\u201d a les seves portes. Gr\u00e0cies per confiar en nosaltres!<\/p>\n<\/div><\/div><\/div><\/div><\/div><div class=\"fusion-fullwidth fullwidth-box fusion-builder-row-2 fusion-flex-container has-pattern-background has-mask-background hundred-percent-fullwidth non-hundred-percent-height-scrolling\" style=\"--awb-border-radius-top-left:0px;--awb-border-radius-top-right:0px;--awb-border-radius-bottom-right:0px;--awb-border-radius-bottom-left:0px;--awb-padding-top:2%;--awb-padding-right:10%;--awb-padding-bottom:2%;--awb-padding-left:10%;--awb-flex-wrap:wrap;\" ><div class=\"fusion-builder-row fusion-row fusion-flex-align-items-center fusion-flex-content-wrap\" style=\"width:104% !important;max-width:104% !important;margin-left: calc(-4% \/ 2 );margin-right: calc(-4% \/ 2 );\"><div class=\"fusion-layout-column fusion_builder_column fusion-builder-column-1 fusion_builder_column_1_2 1_2 fusion-flex-column\" style=\"--awb-bg-size:cover;--awb-width-large:50%;--awb-margin-top-large:0px;--awb-spacing-right-large:3.84%;--awb-margin-bottom-large:20px;--awb-spacing-left-large:3.84%;--awb-width-medium:50%;--awb-order-medium:0;--awb-spacing-right-medium:3.84%;--awb-spacing-left-medium:3.84%;--awb-width-small:100%;--awb-order-small:0;--awb-spacing-right-small:1.92%;--awb-spacing-left-small:1.92%;\"><div class=\"fusion-column-wrapper fusion-column-has-shadow fusion-flex-justify-content-flex-start fusion-content-layout-column\"><div class=\"fusion-title title fusion-title-2 fusion-sep-none fusion-title-text fusion-title-size-three\" style=\"--awb-margin-top-small:10px;--awb-margin-right-small:0px;--awb-margin-bottom-small:10px;--awb-margin-left-small:0px;\"><h3 class=\"fusion-title-heading title-heading-left\" style=\"margin:0;\">Aquesta \u00e9s la f\u00f3rmula del projecte: comoditat + practicitat + familiar + ess\u00e8ncia mediterr\u00e0nia<\/h3><\/div><div class=\"accordian fusion-accordian\" style=\"--awb-border-size:1px;--awb-icon-size:16px;--awb-icon-alignment:left;--awb-hover-color:var(--awb-color2);--awb-border-color:var(--awb-color3);--awb-background-color:var(--awb-color1);--awb-divider-color:var(--awb-color3);--awb-divider-hover-color:var(--awb-color3);--awb-icon-color:var(--awb-color1);--awb-title-color:var(--awb-color8);--awb-content-color:var(--awb-color8);--awb-icon-box-color:var(--awb-color8);--awb-toggle-hover-accent-color:var(--awb-color5);--awb-title-font-family:var(--awb-typography1-font-family);--awb-title-font-weight:var(--awb-typography1-font-weight);--awb-title-font-style:var(--awb-typography1-font-style);--awb-title-font-size:16px;--awb-title-line-height:1;\"><div class=\"panel-group fusion-toggle-icon-boxed\" id=\"accordion-2594-1\"><div class=\"fusion-panel panel-default panel-7e7f37893bbc6e7e1 fusion-toggle-has-divider\" style=\"--awb-title-color:var(--awb-color8);--awb-content-color:var(--awb-color8);\"><div class=\"panel-heading\"><h4 class=\"panel-title toggle\" id=\"toggle_7e7f37893bbc6e7e1\"><a class=\"active\" aria-expanded=\"true\" aria-controls=\"7e7f37893bbc6e7e1\" role=\"button\" data-toggle=\"collapse\" data-parent=\"#accordion-2594-1\" data-target=\"#7e7f37893bbc6e7e1\" href=\"#7e7f37893bbc6e7e1\"><span class=\"fusion-toggle-icon-wrapper\" aria-hidden=\"true\"><i class=\"fa-fusion-box active-icon awb-icon-minus\" aria-hidden=\"true\"><\/i><i class=\"fa-fusion-box inactive-icon awb-icon-plus\" aria-hidden=\"true\"><\/i><\/span><span class=\"fusion-toggle-heading\">Comoditat<\/span><\/a><\/h4><\/div><div id=\"7e7f37893bbc6e7e1\" class=\"panel-collapse collapse in\" aria-labelledby=\"toggle_7e7f37893bbc6e7e1\"><div class=\"panel-body toggle-content fusion-clearfix\">\n<p>Quan un se\u2019n va de vacances, espera tenir al seu abast tot all\u00f2 necessari per tenir una estanda el m\u00e9s c\u00f2moda possible. Si un se\u2019n va de vacances en fam\u00edlia, amb nens i tot el que aix\u00f2 comporta, la comoditat es converteix en un imperatiu del tot necessari per gaudir de la tranquil\u00b7litat i intentar que la rutina vacacional sigui el m\u00e0xim plaent possible.<\/p>\n<\/div><\/div><\/div><div class=\"fusion-panel panel-default panel-c182f383747d50465 fusion-toggle-has-divider\" style=\"--awb-title-color:var(--awb-color8);--awb-content-color:var(--awb-color8);\"><div class=\"panel-heading\"><h4 class=\"panel-title toggle\" id=\"toggle_c182f383747d50465\"><a aria-expanded=\"false\" aria-controls=\"c182f383747d50465\" role=\"button\" data-toggle=\"collapse\" data-parent=\"#accordion-2594-1\" data-target=\"#c182f383747d50465\" href=\"#c182f383747d50465\"><span class=\"fusion-toggle-icon-wrapper\" aria-hidden=\"true\"><i class=\"fa-fusion-box active-icon awb-icon-minus\" aria-hidden=\"true\"><\/i><i class=\"fa-fusion-box inactive-icon awb-icon-plus\" aria-hidden=\"true\"><\/i><\/span><span class=\"fusion-toggle-heading\">Practicitat<\/span><\/a><\/h4><\/div><div id=\"c182f383747d50465\" class=\"panel-collapse collapse \" aria-labelledby=\"toggle_c182f383747d50465\"><div class=\"panel-body toggle-content fusion-clearfix\">\n<p>Si una estada \u00e9s c\u00f2moda, per\u00f2 no \u00e9s pr\u00e0ctica, de poc serveix. Sobretot, si es tracta d\u2019un entorn vacacional familiar. Us imagineu uns llits molt c\u00f2modes, ideals per descansar, per\u00f2 sense oportunitat de controlar visualment on paren els petits? Per m\u00e9s c\u00f2mode que sigui el llit, si no \u00e9s pr\u00e0ctic per controlar la canalla, no aconseguirem descansar ni estar a gust. Per aquest motiu, la practicitat hauria de ser el denominador com\u00fa en cada detall.<\/p>\n<\/div><\/div><\/div><div class=\"fusion-panel panel-default panel-9805626326b5d6bd7 fusion-toggle-has-divider\" style=\"--awb-title-color:var(--awb-color8);--awb-content-color:var(--awb-color8);\"><div class=\"panel-heading\"><h4 class=\"panel-title toggle\" id=\"toggle_9805626326b5d6bd7\"><a aria-expanded=\"false\" aria-controls=\"9805626326b5d6bd7\" role=\"button\" data-toggle=\"collapse\" data-parent=\"#accordion-2594-1\" data-target=\"#9805626326b5d6bd7\" href=\"#9805626326b5d6bd7\"><span class=\"fusion-toggle-icon-wrapper\" aria-hidden=\"true\"><i class=\"fa-fusion-box active-icon awb-icon-minus\" aria-hidden=\"true\"><\/i><i class=\"fa-fusion-box inactive-icon awb-icon-plus\" aria-hidden=\"true\"><\/i><\/span><span class=\"fusion-toggle-heading\">Familiar<\/span><\/a><\/h4><\/div><div id=\"9805626326b5d6bd7\" class=\"panel-collapse collapse \" aria-labelledby=\"toggle_9805626326b5d6bd7\"><div class=\"panel-body toggle-content fusion-clearfix\">\n<p>L\u2019atribut familiar significa que en l\u2019elecci\u00f3 de cada una de les peces o productes que conformen les habitacions s\u2019ha de tenir en compte que siguin aptes tant per a adults com per a nens. Potser amb un exemple s\u2019entendr\u00e0 millor: si els interruptors o els tovallolers estan a una al\u00e7ada en qu\u00e8 els nens no poden arribar-hi, necessitaran l\u2019ajuda dels pares cada dos per tres. Amb familiar, des de CIHO entenem que ha de ser un hotel accessible per a tots i cada un dels membres de la fam\u00edlia.<\/p>\n<\/div><\/div><\/div><div class=\"fusion-panel panel-default panel-1df2a08a31f82f75a fusion-toggle-has-divider\" style=\"--awb-title-color:var(--awb-color8);--awb-content-color:var(--awb-color8);\"><div class=\"panel-heading\"><h4 class=\"panel-title toggle\" id=\"toggle_1df2a08a31f82f75a\"><a aria-expanded=\"false\" aria-controls=\"1df2a08a31f82f75a\" role=\"button\" data-toggle=\"collapse\" data-parent=\"#accordion-2594-1\" data-target=\"#1df2a08a31f82f75a\" href=\"#1df2a08a31f82f75a\"><span class=\"fusion-toggle-icon-wrapper\" aria-hidden=\"true\"><i class=\"fa-fusion-box active-icon awb-icon-minus\" aria-hidden=\"true\"><\/i><i class=\"fa-fusion-box inactive-icon awb-icon-plus\" aria-hidden=\"true\"><\/i><\/span><span class=\"fusion-toggle-heading\">Ess\u00e8ncia mediterr\u00e0nia<\/span><\/a><\/h4><\/div><div id=\"1df2a08a31f82f75a\" class=\"panel-collapse collapse \" aria-labelledby=\"toggle_1df2a08a31f82f75a\"><div class=\"panel-body toggle-content fusion-clearfix\">\n<p>D\u2019un hotel com es Estival Maramar que est\u00e0 a primera l\u00ednia de platja, en plena Costa Daurada, no se\u2019n podia esperar altra cosa que no fos un espai que despr\u00e8n ess\u00e8ncia mediterr\u00e0nia en tots els sentits. Des dels colors de cada element que s\u2019escull, fins a la seva combinaci\u00f3 en els espais interiors i exteriors, creant una atmosfera tranquil\u00b7la, suau i c\u00e0lida. Una atmosfera que connecti amb el mediterrani exterior.<\/p>\n<\/div><\/div><\/div><\/div><\/div><\/div><\/div><div class=\"fusion-layout-column fusion_builder_column fusion-builder-column-2 fusion_builder_column_1_2 1_2 fusion-flex-column\" style=\"--awb-bg-size:cover;--awb-width-large:50%;--awb-margin-top-large:0px;--awb-spacing-right-large:3.84%;--awb-margin-bottom-large:20px;--awb-spacing-left-large:3.84%;--awb-width-medium:50%;--awb-order-medium:0;--awb-spacing-right-medium:3.84%;--awb-spacing-left-medium:3.84%;--awb-width-small:100%;--awb-order-small:0;--awb-spacing-right-small:1.92%;--awb-spacing-left-small:1.92%;\"><div class=\"fusion-column-wrapper fusion-column-has-shadow fusion-flex-justify-content-flex-start fusion-content-layout-column\"><div class=\"fusion-image-element \" style=\"--awb-caption-title-font-family:var(--h2_typography-font-family);--awb-caption-title-font-weight:var(--h2_typography-font-weight);--awb-caption-title-font-style:var(--h2_typography-font-style);--awb-caption-title-size:var(--h2_typography-font-size);--awb-caption-title-transform:var(--h2_typography-text-transform);--awb-caption-title-line-height:var(--h2_typography-line-height);--awb-caption-title-letter-spacing:var(--h2_typography-letter-spacing);\"><span class=\" fusion-imageframe imageframe-none imageframe-1 hover-type-none\"><img decoding=\"async\" width=\"700\" height=\"500\" alt=\"Ciho Estival Maramar 1\" title=\"Ciho Estival Maramar 1\" src=\"https:\/\/ciho.es\/wp-content\/uploads\/2025\/06\/ciho-estival-maramar-1.webp\" data-orig-src=\"https:\/\/ciho.es\/wp-content\/uploads\/2025\/06\/ciho-estival-maramar-1.webp\" class=\"lazyload img-responsive wp-image-2602\" srcset=\"data:image\/svg+xml,%3Csvg%20xmlns%3D%27http%3A%2F%2Fwww.w3.org%2F2000%2Fsvg%27%20width%3D%27700%27%20height%3D%27500%27%20viewBox%3D%270%200%20700%20500%27%3E%3Crect%20width%3D%27700%27%20height%3D%27500%27%20fill-opacity%3D%220%22%2F%3E%3C%2Fsvg%3E\" data-srcset=\"https:\/\/ciho.es\/wp-content\/uploads\/2025\/06\/ciho-estival-maramar-1-200x143.webp 200w, https:\/\/ciho.es\/wp-content\/uploads\/2025\/06\/ciho-estival-maramar-1-400x286.webp 400w, https:\/\/ciho.es\/wp-content\/uploads\/2025\/06\/ciho-estival-maramar-1-600x429.webp 600w, https:\/\/ciho.es\/wp-content\/uploads\/2025\/06\/ciho-estival-maramar-1.webp 700w\" data-sizes=\"auto\" data-orig-sizes=\"(max-width: 640px) 100vw, 600px\" \/><\/span><\/div><\/div><\/div><\/div><\/div><div class=\"fusion-fullwidth fullwidth-box fusion-builder-row-3 fusion-flex-container has-pattern-background has-mask-background hundred-percent-fullwidth non-hundred-percent-height-scrolling\" style=\"--awb-border-radius-top-left:0px;--awb-border-radius-top-right:0px;--awb-border-radius-bottom-right:0px;--awb-border-radius-bottom-left:0px;--awb-padding-top:2%;--awb-padding-right:10%;--awb-padding-bottom:2%;--awb-padding-left:10%;--awb-flex-wrap:wrap;\" ><div class=\"fusion-builder-row fusion-row fusion-flex-align-items-center fusion-flex-content-wrap\" style=\"width:104% !important;max-width:104% !important;margin-left: calc(-4% \/ 2 );margin-right: calc(-4% \/ 2 );\"><div class=\"fusion-layout-column fusion_builder_column fusion-builder-column-3 fusion_builder_column_1_2 1_2 fusion-flex-column\" style=\"--awb-bg-size:cover;--awb-width-large:50%;--awb-margin-top-large:0px;--awb-spacing-right-large:3.84%;--awb-margin-bottom-large:20px;--awb-spacing-left-large:3.84%;--awb-width-medium:50%;--awb-order-medium:0;--awb-spacing-right-medium:3.84%;--awb-spacing-left-medium:3.84%;--awb-width-small:100%;--awb-order-small:1;--awb-spacing-right-small:1.92%;--awb-spacing-left-small:1.92%;\"><div class=\"fusion-column-wrapper fusion-column-has-shadow fusion-flex-justify-content-flex-start fusion-content-layout-column\"><div class=\"fusion-image-element \" style=\"--awb-caption-title-font-family:var(--h2_typography-font-family);--awb-caption-title-font-weight:var(--h2_typography-font-weight);--awb-caption-title-font-style:var(--h2_typography-font-style);--awb-caption-title-size:var(--h2_typography-font-size);--awb-caption-title-transform:var(--h2_typography-text-transform);--awb-caption-title-line-height:var(--h2_typography-line-height);--awb-caption-title-letter-spacing:var(--h2_typography-letter-spacing);\"><span class=\" fusion-imageframe imageframe-none imageframe-2 hover-type-none\"><img decoding=\"async\" width=\"700\" height=\"500\" alt=\"Ciho Estival Maramar 0\" title=\"Ciho Estival Maramar 0\" src=\"https:\/\/ciho.es\/wp-content\/uploads\/2025\/06\/ciho-estival-maramar-0.webp\" data-orig-src=\"https:\/\/ciho.es\/wp-content\/uploads\/2025\/06\/ciho-estival-maramar-0.webp\" class=\"lazyload img-responsive wp-image-2600\" srcset=\"data:image\/svg+xml,%3Csvg%20xmlns%3D%27http%3A%2F%2Fwww.w3.org%2F2000%2Fsvg%27%20width%3D%27700%27%20height%3D%27500%27%20viewBox%3D%270%200%20700%20500%27%3E%3Crect%20width%3D%27700%27%20height%3D%27500%27%20fill-opacity%3D%220%22%2F%3E%3C%2Fsvg%3E\" data-srcset=\"https:\/\/ciho.es\/wp-content\/uploads\/2025\/06\/ciho-estival-maramar-0-200x143.webp 200w, https:\/\/ciho.es\/wp-content\/uploads\/2025\/06\/ciho-estival-maramar-0-400x286.webp 400w, https:\/\/ciho.es\/wp-content\/uploads\/2025\/06\/ciho-estival-maramar-0-600x429.webp 600w, https:\/\/ciho.es\/wp-content\/uploads\/2025\/06\/ciho-estival-maramar-0.webp 700w\" data-sizes=\"auto\" data-orig-sizes=\"(max-width: 640px) 100vw, 600px\" \/><\/span><\/div><\/div><\/div><div class=\"fusion-layout-column fusion_builder_column fusion-builder-column-4 fusion_builder_column_1_2 1_2 fusion-flex-column\" style=\"--awb-bg-size:cover;--awb-width-large:50%;--awb-margin-top-large:0px;--awb-spacing-right-large:3.84%;--awb-margin-bottom-large:20px;--awb-spacing-left-large:3.84%;--awb-width-medium:50%;--awb-order-medium:0;--awb-spacing-right-medium:3.84%;--awb-spacing-left-medium:3.84%;--awb-width-small:100%;--awb-order-small:0;--awb-spacing-right-small:1.92%;--awb-spacing-left-small:1.92%;\"><div class=\"fusion-column-wrapper fusion-column-has-shadow fusion-flex-justify-content-flex-start fusion-content-layout-column\"><div class=\"fusion-title title fusion-title-3 fusion-sep-none fusion-title-text fusion-title-size-three\" style=\"--awb-margin-top-small:10px;--awb-margin-right-small:0px;--awb-margin-bottom-small:10px;--awb-margin-left-small:0px;\"><h3 class=\"fusion-title-heading title-heading-left\" style=\"margin:0;\">Qu\u00e8 vam proporcionar a Estival Maramar?<\/h3><\/div><div class=\"fusion-text fusion-text-2\"><ul>\n<li style=\"font-weight: 400;\" aria-level=\"1\">Pany iMinimal de Tesa Assa Abloy<\/span><\/li>\n<li style=\"font-weight: 400;\" aria-level=\"1\">TargetesMifare 1k personalitzades<\/span><\/li>\n<li style=\"font-weight: 400;\" aria-level=\"1\">Caixes de seguretat Suite S3B Arregui<\/span><\/li>\n<li style=\"font-weight: 400;\" aria-level=\"1\">Minibar absorci\u00f3 Austral 40 litros Arregui<\/span><\/li>\n<li style=\"font-weight: 400;\" aria-level=\"1\">Cafetera c\u00e0psules Fiore Black Edition Arabo<\/span><\/li>\n<li style=\"font-weight: 400;\" aria-level=\"1\">Paperera met\u00e0l\u00b7lica aro extra\u00efble Ghessubath<\/span><\/li>\n<li style=\"font-weight: 400;\" aria-level=\"1\">Tovalloler barra 60 cm Cubik negre Ghessubath<\/span><\/li>\n<li style=\"font-weight: 400;\" aria-level=\"1\">Portarrotlles tapa 90\u00ba sense tapa Air negre Ghessubath<\/span><\/li>\n<li style=\"font-weight: 400;\" aria-level=\"1\">Mirall d\u2019augment Eco 2 cares negre Ghessubath<\/span><\/li>\n<li style=\"font-weight: 400;\" aria-level=\"1\">Espongera varilla rectangular Liner negra Ghessubath<\/span><\/li>\n<li style=\"font-weight: 400;\" aria-level=\"1\">Portabossetes higi\u00e8niques ABS negra Ghessubath<\/span><\/li>\n<li style=\"font-weight: 400;\" aria-level=\"1\">Escombreta Kuo vidre negre Ghessubath<\/span><\/li>\n<li style=\"font-weight: 400;\" aria-level=\"1\">Agafador barra 40 cm negre mate Ghessubath<\/span><\/li>\n<li style=\"font-weight: 400;\" aria-level=\"1\">Agafador abatible 700 amb portarotlles Inox Ghessubath<\/span><\/li>\n<li style=\"font-weight: 400;\" aria-level=\"1\">Agafador rac\u00f3 75&#215;75 Inox Ghessubath<\/span><\/li>\n<li style=\"font-weight: 400;\" aria-level=\"1\">Assecador Action Super 1200 w negre Valera\u00a0<\/span><\/li>\n<li style=\"font-weight: 400;\" aria-level=\"1\">Mirall Luna Crux 90H x 45 antibaf i llum perimetral habitacions Uraldi<\/span><\/li>\n<li style=\"font-weight: 400;\" aria-level=\"1\">Mirall Crux E-10 zones comunes Uraldi<\/span><\/li>\n<li style=\"font-weight: 400;\" aria-level=\"1\">Sof\u00e0 llit niu ref. 920 TM Leader Group<\/span><\/li>\n<li style=\"font-weight: 400;\" aria-level=\"1\">Butaca cllit ref, 880 TM Leader Group<\/span><\/li>\n<\/ul>\n<\/div><\/div><\/div><\/div><\/div><\/p>\n","protected":false},"excerpt":{"rendered":"","protected":false},"author":1,"featured_media":2598,"comment_status":"open","ping_status":"closed","sticky":false,"template":"","format":"standard","meta":{"footnotes":""},"categories":[39],"tags":[],"class_list":["post-2594","post","type-post","status-publish","format-standard","has-post-thumbnail","hentry","category-projectes"],"_links":{"self":[{"href":"https:\/\/ciho.es\/ca\/wp-json\/wp\/v2\/posts\/2594","targetHints":{"allow":["GET"]}}],"collection":[{"href":"https:\/\/ciho.es\/ca\/wp-json\/wp\/v2\/posts"}],"about":[{"href":"https:\/\/ciho.es\/ca\/wp-json\/wp\/v2\/types\/post"}],"author":[{"embeddable":true,"href":"https:\/\/ciho.es\/ca\/wp-json\/wp\/v2\/users\/1"}],"replies":[{"embeddable":true,"href":"https:\/\/ciho.es\/ca\/wp-json\/wp\/v2\/comments?post=2594"}],"version-history":[{"count":4,"href":"https:\/\/ciho.es\/ca\/wp-json\/wp\/v2\/posts\/2594\/revisions"}],"predecessor-version":[{"id":2606,"href":"https:\/\/ciho.es\/ca\/wp-json\/wp\/v2\/posts\/2594\/revisions\/2606"}],"wp:featuredmedia":[{"embeddable":true,"href":"https:\/\/ciho.es\/ca\/wp-json\/wp\/v2\/media\/2598"}],"wp:attachment":[{"href":"https:\/\/ciho.es\/ca\/wp-json\/wp\/v2\/media?parent=2594"}],"wp:term":[{"taxonomy":"category","embeddable":true,"href":"https:\/\/ciho.es\/ca\/wp-json\/wp\/v2\/categories?post=2594"},{"taxonomy":"post_tag","embeddable":true,"href":"https:\/\/ciho.es\/ca\/wp-json\/wp\/v2\/tags?post=2594"}],"curies":[{"name":"wp","href":"https:\/\/api.w.org\/{rel}","templated":true}]}}