{"id":2541,"date":"2025-05-14T12:21:55","date_gmt":"2025-05-14T10:21:55","guid":{"rendered":"https:\/\/ciho.es\/?p=2541"},"modified":"2025-05-14T09:43:56","modified_gmt":"2025-05-14T07:43:56","slug":"ohtels-vila-romana","status":"publish","type":"post","link":"https:\/\/ciho.es\/ca\/projectes\/ohtels-vila-romana\/","title":{"rendered":"Ohtels Vila Romana"},"content":{"rendered":"<p><div class=\"fusion-fullwidth fullwidth-box fusion-builder-row-1 fusion-flex-container has-pattern-background has-mask-background nonhundred-percent-fullwidth non-hundred-percent-height-scrolling\" style=\"--awb-border-radius-top-left:0px;--awb-border-radius-top-right:0px;--awb-border-radius-bottom-right:0px;--awb-border-radius-bottom-left:0px;--awb-padding-top:2%;--awb-padding-bottom:2%;--awb-flex-wrap:wrap;\" ><div class=\"fusion-builder-row fusion-row fusion-flex-align-items-flex-start fusion-flex-content-wrap\" style=\"max-width:1248px;margin-left: calc(-4% \/ 2 );margin-right: calc(-4% \/ 2 );\"><div class=\"fusion-layout-column fusion_builder_column fusion-builder-column-0 fusion_builder_column_1_1 1_1 fusion-flex-column\" style=\"--awb-bg-size:cover;--awb-width-large:100%;--awb-margin-top-large:0px;--awb-spacing-right-large:1.92%;--awb-margin-bottom-large:20px;--awb-spacing-left-large:1.92%;--awb-width-medium:100%;--awb-order-medium:0;--awb-spacing-right-medium:1.92%;--awb-spacing-left-medium:1.92%;--awb-width-small:100%;--awb-order-small:0;--awb-spacing-right-small:1.92%;--awb-spacing-left-small:1.92%;\"><div class=\"fusion-column-wrapper fusion-column-has-shadow fusion-flex-justify-content-flex-start fusion-content-layout-column\"><div class=\"fusion-title title fusion-title-1 fusion-sep-none fusion-title-text fusion-title-size-two\" style=\"--awb-margin-top-small:10px;--awb-margin-right-small:0px;--awb-margin-bottom-small:10px;--awb-margin-left-small:0px;\"><h2 class=\"fusion-title-heading title-heading-left\" style=\"margin:0;\">Una oportunitat \u00fanica per gaudir de la Costa Daurada des d\u2019Ohtels Vila Romana<\/h2><\/div><div class=\"fusion-text fusion-text-1\"><p>Ohtels Vila Romana \u00e9s una opci\u00f3 estupenda per gaudir al m\u00e0xim de la Costa Daurada en fam\u00edlia. Aquest magn\u00edfic hotel situat a Salou, a escassos minuts de Port Aventura, \u00e9s perfecte per a unes vacances en fam\u00edlia.\u00a0 Al mateix recinte d\u2019Ohtels Vila romana hi trobar\u00e0s tot all\u00f2 necessari per a unes vacances de 10: des de restaurants, piscines, sol\u00e0riums, spas, un ampli programa d\u2019animaci\u00f3, activitats per a nens i fins i tot un Beer Spa.<\/span><\/p>\n<p>Aquest 2025 Ohtels Vila Romana ha obert de nou les seves portes despr\u00e9s d\u2019una profunda reforma que ha servit per adequar les seves instal\u00b7lacions i aix\u00ed poder estar a l\u2019al\u00e7ada de les expectatives dels clients m\u00e9s exigents. 440 habitacions pensades per a descansar, desconnectar i gaudir en fam\u00edlia. 440 habitacions equipades amb tot all\u00f2 necessari per tenir una estada excel\u00b7lent i sentir-se com a casa. 440 habitacions equipades amb els millors productes.<\/span><\/p>\n<p>Quan Ohtels Vila Romana va contactar amb CIHO per comptar amb nosaltres per poder equipar el seu hotel en aquesta \u00faltima reforma en va fer molta il\u00b7lusi\u00f3 i us volem explicar el perqu\u00e8. En l\u2019etapa anterior, pr\u00e8via a la reforma,\u00a0 Ohtels Vila Romana ja havia comptat amb nosaltres per equipar les seves estances i ara, quan van voler fer la reforma, no van dubtar a tornar a confiar en nosaltres. Que un client torni a confiar en CIHO ens omple d\u2019orgull i fa que els nostres sacrificis diaris i el treball constant per oferir els millors productes del mercat als nostres clients valgui la pena. <\/span><\/p>\n<\/div><\/div><\/div><\/div><\/div><div class=\"fusion-fullwidth fullwidth-box fusion-builder-row-2 fusion-flex-container has-pattern-background has-mask-background hundred-percent-fullwidth non-hundred-percent-height-scrolling\" style=\"--awb-border-radius-top-left:0px;--awb-border-radius-top-right:0px;--awb-border-radius-bottom-right:0px;--awb-border-radius-bottom-left:0px;--awb-padding-top:2%;--awb-padding-right:10%;--awb-padding-bottom:2%;--awb-padding-left:10%;--awb-flex-wrap:wrap;\" ><div class=\"fusion-builder-row fusion-row fusion-flex-align-items-center fusion-flex-content-wrap\" style=\"width:104% !important;max-width:104% !important;margin-left: calc(-4% \/ 2 );margin-right: calc(-4% \/ 2 );\"><div class=\"fusion-layout-column fusion_builder_column fusion-builder-column-1 fusion_builder_column_1_2 1_2 fusion-flex-column\" style=\"--awb-bg-size:cover;--awb-width-large:50%;--awb-margin-top-large:0px;--awb-spacing-right-large:3.84%;--awb-margin-bottom-large:20px;--awb-spacing-left-large:3.84%;--awb-width-medium:50%;--awb-order-medium:0;--awb-spacing-right-medium:3.84%;--awb-spacing-left-medium:3.84%;--awb-width-small:100%;--awb-order-small:0;--awb-spacing-right-small:1.92%;--awb-spacing-left-small:1.92%;\"><div class=\"fusion-column-wrapper fusion-column-has-shadow fusion-flex-justify-content-flex-start fusion-content-layout-column\"><div class=\"fusion-title title fusion-title-2 fusion-sep-none fusion-title-text fusion-title-size-three\" style=\"--awb-margin-top-small:10px;--awb-margin-right-small:0px;--awb-margin-bottom-small:10px;--awb-margin-left-small:0px;\"><h3 class=\"fusion-title-heading title-heading-left\" style=\"margin:0;\">Aquesta \u00e9s la f\u00f3rmula del projecte: comoditat + calidesa + familiar + amplitud<\/h3><\/div><div class=\"accordian fusion-accordian\" style=\"--awb-border-size:1px;--awb-icon-size:16px;--awb-icon-alignment:left;--awb-hover-color:var(--awb-color2);--awb-border-color:var(--awb-color3);--awb-background-color:var(--awb-color1);--awb-divider-color:var(--awb-color3);--awb-divider-hover-color:var(--awb-color3);--awb-icon-color:var(--awb-color1);--awb-title-color:var(--awb-color8);--awb-content-color:var(--awb-color8);--awb-icon-box-color:var(--awb-color8);--awb-toggle-hover-accent-color:var(--awb-color5);--awb-title-font-family:var(--awb-typography1-font-family);--awb-title-font-weight:var(--awb-typography1-font-weight);--awb-title-font-style:var(--awb-typography1-font-style);--awb-title-font-size:16px;--awb-title-line-height:1;\"><div class=\"panel-group fusion-toggle-icon-boxed\" id=\"accordion-2541-1\"><div class=\"fusion-panel panel-default panel-4653deaa66ddcbad9 fusion-toggle-has-divider\" style=\"--awb-title-color:var(--awb-color8);--awb-content-color:var(--awb-color8);\"><div class=\"panel-heading\"><h4 class=\"panel-title toggle\" id=\"toggle_4653deaa66ddcbad9\"><a class=\"active\" aria-expanded=\"true\" aria-controls=\"4653deaa66ddcbad9\" role=\"button\" data-toggle=\"collapse\" data-parent=\"#accordion-2541-1\" data-target=\"#4653deaa66ddcbad9\" href=\"#4653deaa66ddcbad9\"><span class=\"fusion-toggle-icon-wrapper\" aria-hidden=\"true\"><i class=\"fa-fusion-box active-icon awb-icon-minus\" aria-hidden=\"true\"><\/i><i class=\"fa-fusion-box inactive-icon awb-icon-plus\" aria-hidden=\"true\"><\/i><\/span><span class=\"fusion-toggle-heading\">Comoditat<\/span><\/a><\/h4><\/div><div id=\"4653deaa66ddcbad9\" class=\"panel-collapse collapse in\" aria-labelledby=\"toggle_4653deaa66ddcbad9\"><div class=\"panel-body toggle-content fusion-clearfix\">\n<p>Sense cap mena de dubte, un hotel concebut per poder gaudir d\u2019unes vacances en fam\u00edlia ha de ser c\u00f2mode. Coneixem la complexitat log\u00edstica que suposa per a les fam\u00edlies anar-se\u2019n de vacances amb els m\u00e9s petits i per aquest motiu hem equipat les habitacions pensant en la comoditat. Comoditat per descansar, comoditat per tenir a m\u00e0 tot all\u00f2 essencial, comoditat al bany, comoditat a l\u2019hora d\u2019accedir a les habitacions\u2026<\/span><\/p>\n<\/div><\/div><\/div><div class=\"fusion-panel panel-default panel-7cf054012fde3ace7 fusion-toggle-has-divider\" style=\"--awb-title-color:var(--awb-color8);--awb-content-color:var(--awb-color8);\"><div class=\"panel-heading\"><h4 class=\"panel-title toggle\" id=\"toggle_7cf054012fde3ace7\"><a aria-expanded=\"false\" aria-controls=\"7cf054012fde3ace7\" role=\"button\" data-toggle=\"collapse\" data-parent=\"#accordion-2541-1\" data-target=\"#7cf054012fde3ace7\" href=\"#7cf054012fde3ace7\"><span class=\"fusion-toggle-icon-wrapper\" aria-hidden=\"true\"><i class=\"fa-fusion-box active-icon awb-icon-minus\" aria-hidden=\"true\"><\/i><i class=\"fa-fusion-box inactive-icon awb-icon-plus\" aria-hidden=\"true\"><\/i><\/span><span class=\"fusion-toggle-heading\">Calidesa<\/span><\/a><\/h4><\/div><div id=\"7cf054012fde3ace7\" class=\"panel-collapse collapse \" aria-labelledby=\"toggle_7cf054012fde3ace7\"><div class=\"panel-body toggle-content fusion-clearfix\">\n<p>Si hi ha\u00a0 un adjectiu que defineix la Costa Daurada \u00e9s la seva calidesa i amabilitat. Vol\u00edem que aquesta calidesa que emana de les seves platges, els seus paisatges i el seu entorn tamb\u00e9 fos capa\u00e7 d\u2019impregnar l\u2019interior de les estances i habitacions de l\u2019hotel. Al mateix temps, aconseguir que Ohtels Vila Romana fos un lloc c\u00e0lid, ens permetia convertir-lo en un lloc acollidor en el qual les fam\u00edlies poguessin sentir-s\u2019hi com a casa.<\/span><\/p>\n<\/div><\/div><\/div><div class=\"fusion-panel panel-default panel-e38a08fbd371baff2 fusion-toggle-has-divider\" style=\"--awb-title-color:var(--awb-color8);--awb-content-color:var(--awb-color8);\"><div class=\"panel-heading\"><h4 class=\"panel-title toggle\" id=\"toggle_e38a08fbd371baff2\"><a aria-expanded=\"false\" aria-controls=\"e38a08fbd371baff2\" role=\"button\" data-toggle=\"collapse\" data-parent=\"#accordion-2541-1\" data-target=\"#e38a08fbd371baff2\" href=\"#e38a08fbd371baff2\"><span class=\"fusion-toggle-icon-wrapper\" aria-hidden=\"true\"><i class=\"fa-fusion-box active-icon awb-icon-minus\" aria-hidden=\"true\"><\/i><i class=\"fa-fusion-box inactive-icon awb-icon-plus\" aria-hidden=\"true\"><\/i><\/span><span class=\"fusion-toggle-heading\">Familiar<\/span><\/a><\/h4><\/div><div id=\"e38a08fbd371baff2\" class=\"panel-collapse collapse \" aria-labelledby=\"toggle_e38a08fbd371baff2\"><div class=\"panel-body toggle-content fusion-clearfix\">\n<p>Ohtels Vila Romana \u00e9s un hotel familiar i aix\u00f2 ho vam tenir molt clar a l\u2019hora d\u2019escollir cada un dels productes que ens van demanar. Familiar \u00e9s sin\u00f2nim d\u2019accessible, de senzillesa i al mateix temps d\u2019efic\u00e0cia. Un hotel familiar ha de ser c\u00f2mode,\u00a0 confortable i capa\u00e7 d\u2019adaptar-se a les necessitats de tots els membres de la fam\u00edlia en qualsevol moment.<\/span><\/p>\n<\/div><\/div><\/div><div class=\"fusion-panel panel-default panel-d5016d3bcb70ac8ac fusion-toggle-has-divider\" style=\"--awb-title-color:var(--awb-color8);--awb-content-color:var(--awb-color8);\"><div class=\"panel-heading\"><h4 class=\"panel-title toggle\" id=\"toggle_d5016d3bcb70ac8ac\"><a aria-expanded=\"false\" aria-controls=\"d5016d3bcb70ac8ac\" role=\"button\" data-toggle=\"collapse\" data-parent=\"#accordion-2541-1\" data-target=\"#d5016d3bcb70ac8ac\" href=\"#d5016d3bcb70ac8ac\"><span class=\"fusion-toggle-icon-wrapper\" aria-hidden=\"true\"><i class=\"fa-fusion-box active-icon awb-icon-minus\" aria-hidden=\"true\"><\/i><i class=\"fa-fusion-box inactive-icon awb-icon-plus\" aria-hidden=\"true\"><\/i><\/span><span class=\"fusion-toggle-heading\">Amplitud<\/span><\/a><\/h4><\/div><div id=\"d5016d3bcb70ac8ac\" class=\"panel-collapse collapse \" aria-labelledby=\"toggle_d5016d3bcb70ac8ac\"><div class=\"panel-body toggle-content fusion-clearfix\">\n<p>Desde CIHO tuvimos claro que todo aquello que ofreci\u00e9ramos para equipar las habitaciones y estancias del Ohtels Vila Romana ten\u00eda que cumplir su funci\u00f3n sin excederse en el espacio que ocupa. Es decir, no ten\u00eda sentido incorporar secadores en el ba\u00f1o si esto imped\u00eda que los hu\u00e9spedes tuviesen espacio suficiente para moverse libremente dentro de esta estancia ni elegir un minibar que no quedase perfectamente integrado en la habitaci\u00f3n.<\/span><\/p>\n<\/div><\/div><\/div><\/div><\/div><\/div><\/div><div class=\"fusion-layout-column fusion_builder_column fusion-builder-column-2 fusion_builder_column_1_2 1_2 fusion-flex-column\" style=\"--awb-bg-size:cover;--awb-width-large:50%;--awb-margin-top-large:0px;--awb-spacing-right-large:3.84%;--awb-margin-bottom-large:20px;--awb-spacing-left-large:3.84%;--awb-width-medium:50%;--awb-order-medium:0;--awb-spacing-right-medium:3.84%;--awb-spacing-left-medium:3.84%;--awb-width-small:100%;--awb-order-small:0;--awb-spacing-right-small:1.92%;--awb-spacing-left-small:1.92%;\"><div class=\"fusion-column-wrapper fusion-column-has-shadow fusion-flex-justify-content-flex-start fusion-content-layout-column\"><div class=\"fusion-image-element \" style=\"--awb-caption-title-font-family:var(--h2_typography-font-family);--awb-caption-title-font-weight:var(--h2_typography-font-weight);--awb-caption-title-font-style:var(--h2_typography-font-style);--awb-caption-title-size:var(--h2_typography-font-size);--awb-caption-title-transform:var(--h2_typography-text-transform);--awb-caption-title-line-height:var(--h2_typography-line-height);--awb-caption-title-letter-spacing:var(--h2_typography-letter-spacing);\"><span class=\" fusion-imageframe imageframe-none imageframe-1 hover-type-none\"><img decoding=\"async\" width=\"700\" height=\"500\" alt=\"Ciho Ohtels Vila Romana 0\" title=\"Ciho Ohtels Vila Romana 0\" src=\"https:\/\/ciho.es\/wp-content\/uploads\/2025\/05\/ciho-ohtels-vila-romana-0.jpg\" data-orig-src=\"https:\/\/ciho.es\/wp-content\/uploads\/2025\/05\/ciho-ohtels-vila-romana-0.jpg\" class=\"lazyload img-responsive wp-image-2537\" srcset=\"data:image\/svg+xml,%3Csvg%20xmlns%3D%27http%3A%2F%2Fwww.w3.org%2F2000%2Fsvg%27%20width%3D%27700%27%20height%3D%27500%27%20viewBox%3D%270%200%20700%20500%27%3E%3Crect%20width%3D%27700%27%20height%3D%27500%27%20fill-opacity%3D%220%22%2F%3E%3C%2Fsvg%3E\" data-srcset=\"https:\/\/ciho.es\/wp-content\/uploads\/2025\/05\/ciho-ohtels-vila-romana-0-200x143.jpg 200w, https:\/\/ciho.es\/wp-content\/uploads\/2025\/05\/ciho-ohtels-vila-romana-0-400x286.jpg 400w, https:\/\/ciho.es\/wp-content\/uploads\/2025\/05\/ciho-ohtels-vila-romana-0-600x429.jpg 600w, https:\/\/ciho.es\/wp-content\/uploads\/2025\/05\/ciho-ohtels-vila-romana-0.jpg 700w\" data-sizes=\"auto\" data-orig-sizes=\"(max-width: 640px) 100vw, 600px\" \/><\/span><\/div><\/div><\/div><\/div><\/div><div class=\"fusion-fullwidth fullwidth-box fusion-builder-row-3 fusion-flex-container has-pattern-background has-mask-background hundred-percent-fullwidth non-hundred-percent-height-scrolling\" style=\"--awb-border-radius-top-left:0px;--awb-border-radius-top-right:0px;--awb-border-radius-bottom-right:0px;--awb-border-radius-bottom-left:0px;--awb-padding-top:2%;--awb-padding-right:10%;--awb-padding-bottom:2%;--awb-padding-left:10%;--awb-flex-wrap:wrap;\" ><div class=\"fusion-builder-row fusion-row fusion-flex-align-items-center fusion-flex-content-wrap\" style=\"width:104% !important;max-width:104% !important;margin-left: calc(-4% \/ 2 );margin-right: calc(-4% \/ 2 );\"><div class=\"fusion-layout-column fusion_builder_column fusion-builder-column-3 fusion_builder_column_1_2 1_2 fusion-flex-column\" style=\"--awb-bg-size:cover;--awb-width-large:50%;--awb-margin-top-large:0px;--awb-spacing-right-large:3.84%;--awb-margin-bottom-large:20px;--awb-spacing-left-large:3.84%;--awb-width-medium:50%;--awb-order-medium:0;--awb-spacing-right-medium:3.84%;--awb-spacing-left-medium:3.84%;--awb-width-small:100%;--awb-order-small:1;--awb-spacing-right-small:1.92%;--awb-spacing-left-small:1.92%;\"><div class=\"fusion-column-wrapper fusion-column-has-shadow fusion-flex-justify-content-flex-start fusion-content-layout-column\"><div class=\"fusion-image-element \" style=\"--awb-caption-title-font-family:var(--h2_typography-font-family);--awb-caption-title-font-weight:var(--h2_typography-font-weight);--awb-caption-title-font-style:var(--h2_typography-font-style);--awb-caption-title-size:var(--h2_typography-font-size);--awb-caption-title-transform:var(--h2_typography-text-transform);--awb-caption-title-line-height:var(--h2_typography-line-height);--awb-caption-title-letter-spacing:var(--h2_typography-letter-spacing);\"><span class=\" fusion-imageframe imageframe-none imageframe-2 hover-type-none\"><img decoding=\"async\" width=\"700\" height=\"500\" alt=\"Ciho Ohtels Vila Romana 1\" title=\"Ciho Ohtels Vila Romana 1\" src=\"https:\/\/ciho.es\/wp-content\/uploads\/2025\/05\/ciho-ohtels-vila-romana-1.jpg\" data-orig-src=\"https:\/\/ciho.es\/wp-content\/uploads\/2025\/05\/ciho-ohtels-vila-romana-1.jpg\" class=\"lazyload img-responsive wp-image-2535\" srcset=\"data:image\/svg+xml,%3Csvg%20xmlns%3D%27http%3A%2F%2Fwww.w3.org%2F2000%2Fsvg%27%20width%3D%27700%27%20height%3D%27500%27%20viewBox%3D%270%200%20700%20500%27%3E%3Crect%20width%3D%27700%27%20height%3D%27500%27%20fill-opacity%3D%220%22%2F%3E%3C%2Fsvg%3E\" data-srcset=\"https:\/\/ciho.es\/wp-content\/uploads\/2025\/05\/ciho-ohtels-vila-romana-1-200x143.jpg 200w, https:\/\/ciho.es\/wp-content\/uploads\/2025\/05\/ciho-ohtels-vila-romana-1-400x286.jpg 400w, https:\/\/ciho.es\/wp-content\/uploads\/2025\/05\/ciho-ohtels-vila-romana-1-600x429.jpg 600w, https:\/\/ciho.es\/wp-content\/uploads\/2025\/05\/ciho-ohtels-vila-romana-1.jpg 700w\" data-sizes=\"auto\" data-orig-sizes=\"(max-width: 640px) 100vw, 600px\" \/><\/span><\/div><\/div><\/div><div class=\"fusion-layout-column fusion_builder_column fusion-builder-column-4 fusion_builder_column_1_2 1_2 fusion-flex-column\" style=\"--awb-bg-size:cover;--awb-width-large:50%;--awb-margin-top-large:0px;--awb-spacing-right-large:3.84%;--awb-margin-bottom-large:20px;--awb-spacing-left-large:3.84%;--awb-width-medium:50%;--awb-order-medium:0;--awb-spacing-right-medium:3.84%;--awb-spacing-left-medium:3.84%;--awb-width-small:100%;--awb-order-small:0;--awb-spacing-right-small:1.92%;--awb-spacing-left-small:1.92%;\"><div class=\"fusion-column-wrapper fusion-column-has-shadow fusion-flex-justify-content-flex-start fusion-content-layout-column\"><div class=\"fusion-title title fusion-title-3 fusion-sep-none fusion-title-text fusion-title-size-three\" style=\"--awb-margin-top-small:10px;--awb-margin-right-small:0px;--awb-margin-bottom-small:10px;--awb-margin-left-small:0px;\"><h3 class=\"fusion-title-heading title-heading-left\" style=\"margin:0;\">Qu\u00e8 proporcionem a Ohtels Vila Romana?<\/h3><\/div><div class=\"fusion-text fusion-text-2\"><ul>\n<li style=\"font-weight: 400;\" aria-level=\"1\">Perrany Tesa Assa Abloy Donna proximitat<\/span><\/li>\n<li style=\"font-weight: 400;\" aria-level=\"1\">Caixa de seguretat Tesa Assa Abloy targeta proximitat + teclat\u00a0<\/span><\/li>\n<li style=\"font-weight: 400;\" aria-level=\"1\">Targetes personalitzades Mifare 1k<\/span><\/li>\n<li style=\"font-weight: 400;\" aria-level=\"1\">Minibar Arregui absorci\u00f3 Austral 40 litres\u00a0<\/span><\/li>\n<li style=\"font-weight: 400;\" aria-level=\"1\">Tapibase elevable pedal Sonpura Florida 135&#215;190<\/span><\/li>\n<li style=\"font-weight: 400;\">Matxal Sonpura Par\u00eds H29 V4 Visco 135&#215;190<\/span><\/li>\n<li style=\"font-weight: 400;\" aria-level=\"1\">Cuvol pedal Ghessubath Decobin 5 litres setinat<\/span><\/li>\n<li style=\"font-weight: 400;\" aria-level=\"1\">Paperera met\u00e0l\u00b7lica Ghessubath amb c\u00e8rcol extra\u00efble negre<\/span><\/li>\n<li style=\"font-weight: 400;\" aria-level=\"1\">Penja pl\u00e0stic i anella antirobatori Ghessubath<\/span><\/li>\n<li style=\"font-weight: 400;\" aria-level=\"1\">Dosificador Logistel personalitzat<\/span><\/li>\n<li style=\"font-weight: 400;\">Accessoris de bany Ghessubath Air crom brillant<\/span><\/li>\n<li style=\"font-weight: 400;\" aria-level=\"1\">Assecador Valera Executive<\/span><\/li>\n<li style=\"font-weight: 400;\">Secamans \u00f2ptic Ghessubath 2500w <\/span><\/li>\n<\/ul>\n<\/div><\/div><\/div><\/div><\/div><\/p>\n","protected":false},"excerpt":{"rendered":"","protected":false},"author":1,"featured_media":2533,"comment_status":"closed","ping_status":"closed","sticky":false,"template":"","format":"standard","meta":{"footnotes":""},"categories":[39],"tags":[],"class_list":["post-2541","post","type-post","status-publish","format-standard","has-post-thumbnail","hentry","category-projectes"],"_links":{"self":[{"href":"https:\/\/ciho.es\/ca\/wp-json\/wp\/v2\/posts\/2541","targetHints":{"allow":["GET"]}}],"collection":[{"href":"https:\/\/ciho.es\/ca\/wp-json\/wp\/v2\/posts"}],"about":[{"href":"https:\/\/ciho.es\/ca\/wp-json\/wp\/v2\/types\/post"}],"author":[{"embeddable":true,"href":"https:\/\/ciho.es\/ca\/wp-json\/wp\/v2\/users\/1"}],"replies":[{"embeddable":true,"href":"https:\/\/ciho.es\/ca\/wp-json\/wp\/v2\/comments?post=2541"}],"version-history":[{"count":2,"href":"https:\/\/ciho.es\/ca\/wp-json\/wp\/v2\/posts\/2541\/revisions"}],"predecessor-version":[{"id":2543,"href":"https:\/\/ciho.es\/ca\/wp-json\/wp\/v2\/posts\/2541\/revisions\/2543"}],"wp:featuredmedia":[{"embeddable":true,"href":"https:\/\/ciho.es\/ca\/wp-json\/wp\/v2\/media\/2533"}],"wp:attachment":[{"href":"https:\/\/ciho.es\/ca\/wp-json\/wp\/v2\/media?parent=2541"}],"wp:term":[{"taxonomy":"category","embeddable":true,"href":"https:\/\/ciho.es\/ca\/wp-json\/wp\/v2\/categories?post=2541"},{"taxonomy":"post_tag","embeddable":true,"href":"https:\/\/ciho.es\/ca\/wp-json\/wp\/v2\/tags?post=2541"}],"curies":[{"name":"wp","href":"https:\/\/api.w.org\/{rel}","templated":true}]}}