{"id":2348,"date":"2025-02-19T12:45:48","date_gmt":"2025-02-19T11:45:48","guid":{"rendered":"https:\/\/ciho.es\/?p=2348"},"modified":"2025-02-18T12:55:17","modified_gmt":"2025-02-18T11:55:17","slug":"cabanes-oller-del-mas","status":"publish","type":"post","link":"https:\/\/ciho.es\/ca\/projectes\/cabanes-oller-del-mas\/","title":{"rendered":"Cabanes Oller del Mas"},"content":{"rendered":"<p><div class=\"fusion-fullwidth fullwidth-box fusion-builder-row-1 fusion-flex-container has-pattern-background has-mask-background nonhundred-percent-fullwidth non-hundred-percent-height-scrolling\" style=\"--awb-border-radius-top-left:0px;--awb-border-radius-top-right:0px;--awb-border-radius-bottom-right:0px;--awb-border-radius-bottom-left:0px;--awb-padding-top:2%;--awb-padding-bottom:2%;--awb-flex-wrap:wrap;\" ><div class=\"fusion-builder-row fusion-row fusion-flex-align-items-flex-start fusion-flex-content-wrap\" style=\"max-width:1248px;margin-left: calc(-4% \/ 2 );margin-right: calc(-4% \/ 2 );\"><div class=\"fusion-layout-column fusion_builder_column fusion-builder-column-0 fusion_builder_column_1_1 1_1 fusion-flex-column\" style=\"--awb-bg-size:cover;--awb-width-large:100%;--awb-margin-top-large:0px;--awb-spacing-right-large:1.92%;--awb-margin-bottom-large:20px;--awb-spacing-left-large:1.92%;--awb-width-medium:100%;--awb-order-medium:0;--awb-spacing-right-medium:1.92%;--awb-spacing-left-medium:1.92%;--awb-width-small:100%;--awb-order-small:0;--awb-spacing-right-small:1.92%;--awb-spacing-left-small:1.92%;\"><div class=\"fusion-column-wrapper fusion-column-has-shadow fusion-flex-justify-content-flex-start fusion-content-layout-column\"><div class=\"fusion-title title fusion-title-1 fusion-sep-none fusion-title-text fusion-title-size-two\" style=\"--awb-margin-top-small:10px;--awb-margin-right-small:0px;--awb-margin-bottom-small:10px;--awb-margin-left-small:0px;\"><h2 class=\"fusion-title-heading title-heading-left\" style=\"margin:0;\">Una experi\u00e8ncia que brolla luxe i exclusivitat enmig de la natura amb vistes a Montserrat<\/h2><\/div><div class=\"fusion-text fusion-text-1\"><p>Les Cabanes Oller del Mas s\u00f3n una experi\u00e8ncia incre\u00efble per gaudir en parella, en fam\u00edlia o amb amics enmig del no-res, envoltat de natura. A nom\u00e9s quaranta minuts de Barcelona ofereixen l\u2019oportunitat de desconnectar de la rutina, de retrobar-se amb un mateix, de descansar i carregar piles. S\u00f3n ideals per a una escapada de desconnexi\u00f3 amb la parella, per a un cap de setmana en fam\u00edlia lluny de les pantalles i la tecnologia o per a una experi\u00e8ncia amb amics sense pensar en res m\u00e9s que no sigui gaudir del moment.<\/p>\n<p>Inaugurades l\u2019any 2021, les Cabanes Oller del Mas s\u00f3n l\u2019equilibri perfecte entre modernitat i tradici\u00f3. De fet, han estat dissenyades buscant el m\u00e0xim respecte pel planeta, creant espais confortables que permeten submergir-se de ple en l\u2019entorn. S\u00f3n la combinaci\u00f3 precisa entre el luxe d\u2019estar envoltat de natura sense renunciar a la comoditat premium.<\/p>\n<p>Quan va arribar a mans de CIHO la incre\u00efble oportunitat de sumar-nos a donar vida a aquesta exclusiva experi\u00e8ncia, no ho vam dubtar ni un moment. \u00c9rem plenament conscients que era tot un repte que requeria el millor de nosaltres, per\u00f2 no vol\u00edem deixar escapar l\u2019oportunitat. Vam buscar en el nostre ampli cat\u00e0leg de productes les millors opcions per oferir-les a les Cabanes Oller del Mas i estem molt satisfets amb el resultat final. Sense cap mena de dubte, s\u00f3n la millor opci\u00f3 d\u2019experi\u00e8ncia immersiva enmig d\u2019un bosc de roures i alzines.<\/p>\n<\/div><\/div><\/div><\/div><\/div><div class=\"fusion-fullwidth fullwidth-box fusion-builder-row-2 fusion-flex-container has-pattern-background has-mask-background hundred-percent-fullwidth non-hundred-percent-height-scrolling\" style=\"--awb-border-radius-top-left:0px;--awb-border-radius-top-right:0px;--awb-border-radius-bottom-right:0px;--awb-border-radius-bottom-left:0px;--awb-padding-top:2%;--awb-padding-right:10%;--awb-padding-bottom:2%;--awb-padding-left:10%;--awb-flex-wrap:wrap;\" ><div class=\"fusion-builder-row fusion-row fusion-flex-align-items-center fusion-flex-content-wrap\" style=\"width:104% !important;max-width:104% !important;margin-left: calc(-4% \/ 2 );margin-right: calc(-4% \/ 2 );\"><div class=\"fusion-layout-column fusion_builder_column fusion-builder-column-1 fusion_builder_column_1_2 1_2 fusion-flex-column\" style=\"--awb-bg-size:cover;--awb-width-large:50%;--awb-margin-top-large:0px;--awb-spacing-right-large:3.84%;--awb-margin-bottom-large:20px;--awb-spacing-left-large:3.84%;--awb-width-medium:50%;--awb-order-medium:0;--awb-spacing-right-medium:3.84%;--awb-spacing-left-medium:3.84%;--awb-width-small:100%;--awb-order-small:0;--awb-spacing-right-small:1.92%;--awb-spacing-left-small:1.92%;\"><div class=\"fusion-column-wrapper fusion-column-has-shadow fusion-flex-justify-content-flex-start fusion-content-layout-column\"><div class=\"fusion-title title fusion-title-2 fusion-sep-none fusion-title-text fusion-title-size-three\" style=\"--awb-margin-top-small:10px;--awb-margin-right-small:0px;--awb-margin-bottom-small:10px;--awb-margin-left-small:0px;\"><h3 class=\"fusion-title-heading title-heading-left\" style=\"margin:0;\">Aquesta \u00e9s la f\u00f3rmula del projecte: natura + comoditat premium + exclusivitat + modernitat i tradici\u00f3<\/h3><\/div><div class=\"accordian fusion-accordian\" style=\"--awb-border-size:1px;--awb-icon-size:16px;--awb-icon-alignment:left;--awb-hover-color:var(--awb-color2);--awb-border-color:var(--awb-color3);--awb-background-color:var(--awb-color1);--awb-divider-color:var(--awb-color3);--awb-divider-hover-color:var(--awb-color3);--awb-icon-color:var(--awb-color1);--awb-title-color:var(--awb-color8);--awb-content-color:var(--awb-color8);--awb-icon-box-color:var(--awb-color8);--awb-toggle-hover-accent-color:var(--awb-color5);--awb-title-font-family:var(--awb-typography1-font-family);--awb-title-font-weight:var(--awb-typography1-font-weight);--awb-title-font-style:var(--awb-typography1-font-style);--awb-title-font-size:16px;--awb-title-line-height:1;\"><div class=\"panel-group fusion-toggle-icon-boxed\" id=\"accordion-2348-1\"><div class=\"fusion-panel panel-default panel-db82bf01eeae69482 fusion-toggle-has-divider\" style=\"--awb-title-color:var(--awb-color8);--awb-content-color:var(--awb-color8);\"><div class=\"panel-heading\"><h4 class=\"panel-title toggle\" id=\"toggle_db82bf01eeae69482\"><a class=\"active\" aria-expanded=\"true\" aria-controls=\"db82bf01eeae69482\" role=\"button\" data-toggle=\"collapse\" data-parent=\"#accordion-2348-1\" data-target=\"#db82bf01eeae69482\" href=\"#db82bf01eeae69482\"><span class=\"fusion-toggle-icon-wrapper\" aria-hidden=\"true\"><i class=\"fa-fusion-box active-icon awb-icon-minus\" aria-hidden=\"true\"><\/i><i class=\"fa-fusion-box inactive-icon awb-icon-plus\" aria-hidden=\"true\"><\/i><\/span><span class=\"fusion-toggle-heading\">Natura<\/span><\/a><\/h4><\/div><div id=\"db82bf01eeae69482\" class=\"panel-collapse collapse in\" aria-labelledby=\"toggle_db82bf01eeae69482\"><div class=\"panel-body toggle-content fusion-clearfix\">La natura no nom\u00e9s envolta cada una de les Cabanes Oller del Mas, sin\u00f3 que tamb\u00e9 est\u00e0 molt present a cada rac\u00f3 de la cabana. Natura fora i dins, de manera harm\u00f2nica, creant una continu\u00eftat, permetent que flueixi en ambdues direccions. Els colors terra i les tonalitats verdoses s\u00f3n l\u2019eix vertebrador d\u2019aquestes cabanes.<\/div><\/div><\/div><div class=\"fusion-panel panel-default panel-77b8805d830bcf0fd fusion-toggle-has-divider\" style=\"--awb-title-color:var(--awb-color8);--awb-content-color:var(--awb-color8);\"><div class=\"panel-heading\"><h4 class=\"panel-title toggle\" id=\"toggle_77b8805d830bcf0fd\"><a aria-expanded=\"false\" aria-controls=\"77b8805d830bcf0fd\" role=\"button\" data-toggle=\"collapse\" data-parent=\"#accordion-2348-1\" data-target=\"#77b8805d830bcf0fd\" href=\"#77b8805d830bcf0fd\"><span class=\"fusion-toggle-icon-wrapper\" aria-hidden=\"true\"><i class=\"fa-fusion-box active-icon awb-icon-minus\" aria-hidden=\"true\"><\/i><i class=\"fa-fusion-box inactive-icon awb-icon-plus\" aria-hidden=\"true\"><\/i><\/span><span class=\"fusion-toggle-heading\">Comoditat premium<\/span><\/a><\/h4><\/div><div id=\"77b8805d830bcf0fd\" class=\"panel-collapse collapse \" aria-labelledby=\"toggle_77b8805d830bcf0fd\"><div class=\"panel-body toggle-content fusion-clearfix\">Malgrat estar plenament envoltats de natura, enmig del no-res, les cabanyes havien de emanar comoditat pels quatre costats. Cada petit detall, cada m\u00ednim objecte havia de ser el m\u00e9s c\u00f2mode possible. Facilitar l\u2019estan\u00e7a a m\u00e0xim nivell, que cada acci\u00f3 sigui tan plaent com sigui possible: des de poder escollir el coix\u00ed que es prefereix, cal\u00e7ar-se unes sabatilles d\u2019all\u00f2 m\u00e9s c\u00f2modes o poder sortir a passejar malgrat que plogui perqu\u00e8 s\u2019ofereix un paraigua als hostes.<\/div><\/div><\/div><div class=\"fusion-panel panel-default panel-7a131fc981bda593b fusion-toggle-has-divider\" style=\"--awb-title-color:var(--awb-color8);--awb-content-color:var(--awb-color8);\"><div class=\"panel-heading\"><h4 class=\"panel-title toggle\" id=\"toggle_7a131fc981bda593b\"><a aria-expanded=\"false\" aria-controls=\"7a131fc981bda593b\" role=\"button\" data-toggle=\"collapse\" data-parent=\"#accordion-2348-1\" data-target=\"#7a131fc981bda593b\" href=\"#7a131fc981bda593b\"><span class=\"fusion-toggle-icon-wrapper\" aria-hidden=\"true\"><i class=\"fa-fusion-box active-icon awb-icon-minus\" aria-hidden=\"true\"><\/i><i class=\"fa-fusion-box inactive-icon awb-icon-plus\" aria-hidden=\"true\"><\/i><\/span><span class=\"fusion-toggle-heading\">Exclusivitat<\/span><\/a><\/h4><\/div><div id=\"7a131fc981bda593b\" class=\"panel-collapse collapse \" aria-labelledby=\"toggle_7a131fc981bda593b\"><div class=\"panel-body toggle-content fusion-clearfix\">Allotjar-se a les Cabanes Oller del Mas \u00e9s una experi\u00e8ncia exclusiva. El que ofereixen va molt m\u00e9s enll\u00e0 de pernoctar fora de casa, s\u00f3n una experi\u00e8ncia totalment immersiva que remou i que aconsegueix transportar a aquelles persones que la viuen a un incre\u00efble viatge interior i connectar amb aquells amb qui el comparteixen. Cada objecte, cada element de les cabanyes havia de transmetre aquesta exclusivitat: no s\u00f3n una experi\u00e8ncia qualsevol i el que la integra tampoc podia ser-ho.<\/div><\/div><\/div><div class=\"fusion-panel panel-default panel-66e158e7c5efca466 fusion-toggle-has-divider\" style=\"--awb-title-color:var(--awb-color8);--awb-content-color:var(--awb-color8);\"><div class=\"panel-heading\"><h4 class=\"panel-title toggle\" id=\"toggle_66e158e7c5efca466\"><a aria-expanded=\"false\" aria-controls=\"66e158e7c5efca466\" role=\"button\" data-toggle=\"collapse\" data-parent=\"#accordion-2348-1\" data-target=\"#66e158e7c5efca466\" href=\"#66e158e7c5efca466\"><span class=\"fusion-toggle-icon-wrapper\" aria-hidden=\"true\"><i class=\"fa-fusion-box active-icon awb-icon-minus\" aria-hidden=\"true\"><\/i><i class=\"fa-fusion-box inactive-icon awb-icon-plus\" aria-hidden=\"true\"><\/i><\/span><span class=\"fusion-toggle-heading\">Modernitat i tradici\u00f3<\/span><\/a><\/h4><\/div><div id=\"66e158e7c5efca466\" class=\"panel-collapse collapse \" aria-labelledby=\"toggle_66e158e7c5efca466\"><div class=\"panel-body toggle-content fusion-clearfix\">Qu\u00e8 dif\u00edcil \u00e9s aconseguir aquest equilibri de manera harm\u00f2nica, sense fer soroll, aconseguint que quedi perfectament integrada. Sense cap mena de dubte, les Cabanes Oller del Mas ho han aconseguit. Els materials nobles s\u00f3n els protagonistes de l\u2019interior i tamb\u00e9 de les parts exteriors de la cabana. Des de les banyeres n\u00f2rdiques de la terrassa fins als llits interiors, tot encaixa a la perfecci\u00f3 amb la idea de combinar modernitat i tradici\u00f3.<\/div><\/div><\/div><\/div><\/div><\/div><\/div><div class=\"fusion-layout-column fusion_builder_column fusion-builder-column-2 fusion_builder_column_1_2 1_2 fusion-flex-column\" style=\"--awb-bg-size:cover;--awb-width-large:50%;--awb-margin-top-large:0px;--awb-spacing-right-large:3.84%;--awb-margin-bottom-large:20px;--awb-spacing-left-large:3.84%;--awb-width-medium:50%;--awb-order-medium:0;--awb-spacing-right-medium:3.84%;--awb-spacing-left-medium:3.84%;--awb-width-small:100%;--awb-order-small:0;--awb-spacing-right-small:1.92%;--awb-spacing-left-small:1.92%;\"><div class=\"fusion-column-wrapper fusion-column-has-shadow fusion-flex-justify-content-flex-start fusion-content-layout-column\"><div class=\"fusion-image-element \" style=\"--awb-caption-title-font-family:var(--h2_typography-font-family);--awb-caption-title-font-weight:var(--h2_typography-font-weight);--awb-caption-title-font-style:var(--h2_typography-font-style);--awb-caption-title-size:var(--h2_typography-font-size);--awb-caption-title-transform:var(--h2_typography-text-transform);--awb-caption-title-line-height:var(--h2_typography-line-height);--awb-caption-title-letter-spacing:var(--h2_typography-letter-spacing);\"><span class=\" fusion-imageframe imageframe-none imageframe-1 hover-type-none\"><img decoding=\"async\" width=\"700\" height=\"500\" alt=\"Ciho Oller Del Mas 2\" title=\"Ciho Oller Del Mas 2\" src=\"https:\/\/ciho.es\/wp-content\/uploads\/2025\/02\/ciho-oller-del-mas-2.webp\" data-orig-src=\"https:\/\/ciho.es\/wp-content\/uploads\/2025\/02\/ciho-oller-del-mas-2.webp\" class=\"lazyload img-responsive wp-image-2340\" srcset=\"data:image\/svg+xml,%3Csvg%20xmlns%3D%27http%3A%2F%2Fwww.w3.org%2F2000%2Fsvg%27%20width%3D%27700%27%20height%3D%27500%27%20viewBox%3D%270%200%20700%20500%27%3E%3Crect%20width%3D%27700%27%20height%3D%27500%27%20fill-opacity%3D%220%22%2F%3E%3C%2Fsvg%3E\" data-srcset=\"https:\/\/ciho.es\/wp-content\/uploads\/2025\/02\/ciho-oller-del-mas-2-200x143.webp 200w, https:\/\/ciho.es\/wp-content\/uploads\/2025\/02\/ciho-oller-del-mas-2-400x286.webp 400w, https:\/\/ciho.es\/wp-content\/uploads\/2025\/02\/ciho-oller-del-mas-2-600x429.webp 600w, https:\/\/ciho.es\/wp-content\/uploads\/2025\/02\/ciho-oller-del-mas-2.webp 700w\" data-sizes=\"auto\" data-orig-sizes=\"(max-width: 640px) 100vw, 600px\" \/><\/span><\/div><\/div><\/div><\/div><\/div><div class=\"fusion-fullwidth fullwidth-box fusion-builder-row-3 fusion-flex-container has-pattern-background has-mask-background hundred-percent-fullwidth non-hundred-percent-height-scrolling\" style=\"--awb-border-radius-top-left:0px;--awb-border-radius-top-right:0px;--awb-border-radius-bottom-right:0px;--awb-border-radius-bottom-left:0px;--awb-padding-top:2%;--awb-padding-right:10%;--awb-padding-bottom:2%;--awb-padding-left:10%;--awb-flex-wrap:wrap;\" ><div class=\"fusion-builder-row fusion-row fusion-flex-align-items-center fusion-flex-content-wrap\" style=\"width:104% !important;max-width:104% !important;margin-left: calc(-4% \/ 2 );margin-right: calc(-4% \/ 2 );\"><div class=\"fusion-layout-column fusion_builder_column fusion-builder-column-3 fusion_builder_column_1_2 1_2 fusion-flex-column\" style=\"--awb-bg-size:cover;--awb-width-large:50%;--awb-margin-top-large:0px;--awb-spacing-right-large:3.84%;--awb-margin-bottom-large:20px;--awb-spacing-left-large:3.84%;--awb-width-medium:50%;--awb-order-medium:0;--awb-spacing-right-medium:3.84%;--awb-spacing-left-medium:3.84%;--awb-width-small:100%;--awb-order-small:1;--awb-spacing-right-small:1.92%;--awb-spacing-left-small:1.92%;\"><div class=\"fusion-column-wrapper fusion-column-has-shadow fusion-flex-justify-content-flex-start fusion-content-layout-column\"><div class=\"fusion-image-element \" style=\"--awb-caption-title-font-family:var(--h2_typography-font-family);--awb-caption-title-font-weight:var(--h2_typography-font-weight);--awb-caption-title-font-style:var(--h2_typography-font-style);--awb-caption-title-size:var(--h2_typography-font-size);--awb-caption-title-transform:var(--h2_typography-text-transform);--awb-caption-title-line-height:var(--h2_typography-line-height);--awb-caption-title-letter-spacing:var(--h2_typography-letter-spacing);\"><span class=\" fusion-imageframe imageframe-none imageframe-2 hover-type-none\"><img decoding=\"async\" width=\"700\" height=\"500\" alt=\"Ciho Oller Del Mas 1\" title=\"Ciho Oller Del Mas 1\" src=\"https:\/\/ciho.es\/wp-content\/uploads\/2025\/02\/ciho-oller-del-mas-1.webp\" data-orig-src=\"https:\/\/ciho.es\/wp-content\/uploads\/2025\/02\/ciho-oller-del-mas-1.webp\" class=\"lazyload img-responsive wp-image-2342\" srcset=\"data:image\/svg+xml,%3Csvg%20xmlns%3D%27http%3A%2F%2Fwww.w3.org%2F2000%2Fsvg%27%20width%3D%27700%27%20height%3D%27500%27%20viewBox%3D%270%200%20700%20500%27%3E%3Crect%20width%3D%27700%27%20height%3D%27500%27%20fill-opacity%3D%220%22%2F%3E%3C%2Fsvg%3E\" data-srcset=\"https:\/\/ciho.es\/wp-content\/uploads\/2025\/02\/ciho-oller-del-mas-1-200x143.webp 200w, https:\/\/ciho.es\/wp-content\/uploads\/2025\/02\/ciho-oller-del-mas-1-400x286.webp 400w, https:\/\/ciho.es\/wp-content\/uploads\/2025\/02\/ciho-oller-del-mas-1-600x429.webp 600w, https:\/\/ciho.es\/wp-content\/uploads\/2025\/02\/ciho-oller-del-mas-1.webp 700w\" data-sizes=\"auto\" data-orig-sizes=\"(max-width: 640px) 100vw, 600px\" \/><\/span><\/div><\/div><\/div><div class=\"fusion-layout-column fusion_builder_column fusion-builder-column-4 fusion_builder_column_1_2 1_2 fusion-flex-column\" style=\"--awb-bg-size:cover;--awb-width-large:50%;--awb-margin-top-large:0px;--awb-spacing-right-large:3.84%;--awb-margin-bottom-large:20px;--awb-spacing-left-large:3.84%;--awb-width-medium:50%;--awb-order-medium:0;--awb-spacing-right-medium:3.84%;--awb-spacing-left-medium:3.84%;--awb-width-small:100%;--awb-order-small:0;--awb-spacing-right-small:1.92%;--awb-spacing-left-small:1.92%;\"><div class=\"fusion-column-wrapper fusion-column-has-shadow fusion-flex-justify-content-flex-start fusion-content-layout-column\"><div class=\"fusion-title title fusion-title-3 fusion-sep-none fusion-title-text fusion-title-size-three\" style=\"--awb-margin-top-small:10px;--awb-margin-right-small:0px;--awb-margin-bottom-small:10px;--awb-margin-left-small:0px;\"><h3 class=\"fusion-title-heading title-heading-left\" style=\"margin:0;\">Qu\u00e8 vam proporcionar a les Cabanes Oller del Mas?<\/h3><\/div><div class=\"fusion-text fusion-text-2\"><ul>\n<li style=\"font-weight: 400;\" aria-level=\"1\">Panys Tesa Assa Abloy Spy<\/span><\/li>\n<li style=\"font-weight: 400;\" aria-level=\"1\">Targetes Mifare personalitzades<\/span><\/li>\n<li style=\"font-weight: 400;\" aria-level=\"1\">Minibars Dometic RH423LDA<\/span><\/li>\n<li style=\"font-weight: 400;\" aria-level=\"1\">Caixes de seguretat Dometic MD408<\/span><\/li>\n<li style=\"font-weight: 400;\" aria-level=\"1\">Matalassos de molles ensacades\u00a0<\/span><\/li>\n<li style=\"font-weight: 400;\" aria-level=\"1\">Assecador pistola Valera Excel 2000 ionic<\/span><\/li>\n<li style=\"font-weight: 400;\" aria-level=\"1\">Kettle Ghessubath Premium black<\/span><\/li>\n<li style=\"font-weight: 400;\" aria-level=\"1\">Papelera pedal negra 3 litros Ghessubath<\/span><\/li>\n<li style=\"font-weight: 400;\" aria-level=\"1\">Paperera habitaci\u00f3 vinil negra Ghessubath<\/span><\/li>\n<li style=\"font-weight: 400;\" aria-level=\"1\">Paraig\u00fces personalitzats M5129 Logistel Amenities<\/span><\/li>\n<li style=\"font-weight: 400;\" aria-level=\"1\">Sabatilles niu d\u2019abella brodades personalitzades Logistel Amenities<\/span><\/li>\n<li style=\"font-weight: 400;\" aria-level=\"1\">Set dental bamb\u00fa biodegradable Ecollection Logistel Amenities<\/span><\/li>\n<li style=\"font-weight: 400;\" aria-level=\"1\">Mocadors paper Ecollection Logistel Amenities<\/span><\/li>\n<\/ul>\n<\/div><\/div><\/div><\/div><\/div><\/p>\n","protected":false},"excerpt":{"rendered":"","protected":false},"author":1,"featured_media":2340,"comment_status":"open","ping_status":"closed","sticky":false,"template":"","format":"standard","meta":{"footnotes":""},"categories":[39],"tags":[],"class_list":["post-2348","post","type-post","status-publish","format-standard","has-post-thumbnail","hentry","category-projectes"],"_links":{"self":[{"href":"https:\/\/ciho.es\/ca\/wp-json\/wp\/v2\/posts\/2348","targetHints":{"allow":["GET"]}}],"collection":[{"href":"https:\/\/ciho.es\/ca\/wp-json\/wp\/v2\/posts"}],"about":[{"href":"https:\/\/ciho.es\/ca\/wp-json\/wp\/v2\/types\/post"}],"author":[{"embeddable":true,"href":"https:\/\/ciho.es\/ca\/wp-json\/wp\/v2\/users\/1"}],"replies":[{"embeddable":true,"href":"https:\/\/ciho.es\/ca\/wp-json\/wp\/v2\/comments?post=2348"}],"version-history":[{"count":1,"href":"https:\/\/ciho.es\/ca\/wp-json\/wp\/v2\/posts\/2348\/revisions"}],"predecessor-version":[{"id":2349,"href":"https:\/\/ciho.es\/ca\/wp-json\/wp\/v2\/posts\/2348\/revisions\/2349"}],"wp:featuredmedia":[{"embeddable":true,"href":"https:\/\/ciho.es\/ca\/wp-json\/wp\/v2\/media\/2340"}],"wp:attachment":[{"href":"https:\/\/ciho.es\/ca\/wp-json\/wp\/v2\/media?parent=2348"}],"wp:term":[{"taxonomy":"category","embeddable":true,"href":"https:\/\/ciho.es\/ca\/wp-json\/wp\/v2\/categories?post=2348"},{"taxonomy":"post_tag","embeddable":true,"href":"https:\/\/ciho.es\/ca\/wp-json\/wp\/v2\/tags?post=2348"}],"curies":[{"name":"wp","href":"https:\/\/api.w.org\/{rel}","templated":true}]}}